{"id":8399,"date":"2026-09-03T09:00:26","date_gmt":"2026-09-03T12:00:26","guid":{"rendered":"https:\/\/maisfm88.com.br\/site\/?p=8399"},"modified":"2026-09-03T09:00:26","modified_gmt":"2026-09-03T12:00:26","slug":"aline-wirley-saudades-dos-palcos-e-lacos-eternos-do-rouge","status":"publish","type":"post","link":"https:\/\/maisfm88.com.br\/site\/aline-wirley-saudades-dos-palcos-e-lacos-eternos-do-rouge\/","title":{"rendered":"Aline Wirley: Saudades dos palcos e la\u00e7os eternos do Rouge"},"content":{"rendered":"<p>Aline Wirley, a eterna integrante do Rouge, tem compartilhado com seus f\u00e3s uma profunda saudade dos palcos e da energia vibrante que s\u00f3 a m\u00fasica ao vivo proporciona. Em recentes declara\u00e7\u00f5es, a cantora abriu o cora\u00e7\u00e3o sobre a experi\u00eancia de retornar ao universo musical, seja em apresenta\u00e7\u00f5es solo ou em reencontros emocionantes com suas ex-colegas de grupo.<\/p>\n<h2>Saudade dos Palcos e a Energia do Rouge<\/h2>\n<p>Aline Wirley, que conquistou o Brasil nos anos 2000 como uma das vozes marcantes do grupo Rouge, tem expressado publicamente a falta que sente da adrenalina dos shows e da conex\u00e3o direta com o p\u00fablico. A artista, que seguiu carreira solo ap\u00f3s o fim do fen\u00f4meno pop, frequentemente relembra com carinho os tempos \u00e1ureos do grupo, destacando o impacto que a banda teve em sua vida e na de milh\u00f5es de f\u00e3s.<\/p>\n<p>Em entrevistas recentes, Wirley n\u00e3o hesitou em afirmar que as integrantes do Rouge, Karin Hils, Fantine Th\u00f3, Luciana Andrade e Li Martins, s\u00e3o mais do que ex-colegas de trabalho: s\u00e3o suas &#8220;professoras&#8221; e um pilar fundamental em sua jornada. Essa rela\u00e7\u00e3o de cumplicidade e afeto transcende as d\u00e9cadas e as interrup\u00e7\u00f5es na carreira musical, demonstrando a for\u00e7a dos la\u00e7os formados durante a intensa trajet\u00f3ria do grupo.<\/p>\n<h3>Reencontros e Projetos Futuros<\/h3>\n<p>Apesar de n\u00e3o haver, no momento, planos concretos para um retorno oficial do Rouge com todos os shows e \u00e1lbuns que os f\u00e3s tanto anseiam, a possibilidade de reencontros pontuais sempre paira no ar. Aline Wirley demonstra abertura e entusiasmo para participar de projetos que re\u00fanam as amigas, celebrando o legado do grupo que marcou uma gera\u00e7\u00e3o. Esses momentos, quando acontecem, s\u00e3o sempre celebrados com grande euforia pelo p\u00fablico, que n\u00e3o esqueceu o poder contagiante das m\u00fasicas e das performances das cinco garotas.<\/p>\n<p>A cantora tem se mantido ativa, participando de eventos e programas de televis\u00e3o, onde frequentemente \u00e9 questionada sobre o Rouge e suas ex-parceiras. Ela sempre responde com gratid\u00e3o e carinho, ressaltando o aprendizado e as experi\u00eancias compartilhadas. A admira\u00e7\u00e3o m\u00fatua entre as integrantes \u00e9 palp\u00e1vel, e Aline faz quest\u00e3o de compartilhar o quanto aprendeu com cada uma delas, seja sobre m\u00fasica, resili\u00eancia ou amizade.<\/p>\n<h2>A Carreira Solo de Aline Wirley<\/h2>\n<p>Ap\u00f3s o fim do Rouge, Aline Wirley embarcou em uma carreira solo, explorando novos caminhos musicais e aprimorando sua identidade art\u00edstica. Ela participou de projetos importantes, como o musical &#8220;O Som e a F\u00faria&#8221;, e continuou a se dedicar \u00e0 m\u00fasica, mostrando sua versatilidade e talento. A experi\u00eancia no &#8220;Encontro das Tribos&#8221; e outras colabora\u00e7\u00f5es musicais solidificaram sua presen\u00e7a no cen\u00e1rio art\u00edstico.<\/p>\n<p>Apesar do sucesso individual, a nostalgia e o carinho pelo Rouge permanecem. A cantora entende a import\u00e2ncia do grupo para sua carreira e para a mem\u00f3ria afetiva de muitos brasileiros. Por isso, cada men\u00e7\u00e3o ao passado, cada declara\u00e7\u00e3o de saudade, \u00e9 recebida com aten\u00e7\u00e3o especial pelos f\u00e3s, que torcem para que novas oportunidades de ver as &#8220;Divas Pop&#8221; juntas surjam.<\/p>\n<h3>O Legado do Rouge e a Conex\u00e3o com o P\u00fablico<\/h3>\n<p>O Rouge n\u00e3o foi apenas um grupo musical; foi um fen\u00f4meno cultural que marcou o in\u00edcio dos anos 2000 no Brasil. Com hits como &#8220;Ragatanga&#8221;, &#8220;N\u00e3o Quero Mais&#8221; e &#8220;Um Anjo Veio Me Falar&#8221;, as meninas conquistaram o topo das paradas e uma legi\u00e3o de f\u00e3s fi\u00e9is. A energia, a coreografia e as letras cativantes se tornaram parte da trilha sonora de muitos jovens da \u00e9poca.<\/p>\n<p>Hoje, Aline Wirley e suas colegas de grupo colhem os frutos desse sucesso duradouro. A saudade expressa por Aline reflete n\u00e3o apenas a falta dos palcos, mas tamb\u00e9m a conex\u00e3o genu\u00edna que elas estabeleceram com o p\u00fablico. Essa conex\u00e3o se mant\u00e9m viva atrav\u00e9s das redes sociais, onde os f\u00e3s interagem, relembram momentos e expressam o desejo por novos encontros. A admira\u00e7\u00e3o por Aline Wirley, como artista e como pessoa, continua forte, e sua voz segue inspirando e emocionando.<\/p>\n","protected":false},"excerpt":{"rendered":"<p>Aline Wirley, a eterna integrante do Rouge, tem compartilhado com seus f\u00e3s uma profunda saudade dos palcos e da energia vibrante que s\u00f3 a m\u00fasica ao vivo proporciona. Em recentes declara\u00e7\u00f5es, a cantora abriu o cora\u00e7\u00e3o sobre a experi\u00eancia de retornar ao universo musical, seja em apresenta\u00e7\u00f5es solo ou em reencontros emocionantes com suas ex-colegas&#8230;<\/p>\n","protected":false},"author":4,"featured_media":8400,"comment_status":"open","ping_status":"open","sticky":false,"template":"","format":"standard","meta":{"om_disable_all_campaigns":false,"footnotes":""},"categories":[103],"tags":[679,255,882,1513,681],"class_list":["post-8399","post","type-post","status-publish","format-standard","has-post-thumbnail","hentry","category-famosos","tag-aline-wirley","tag-musica-pop","tag-noticias-de-celebridades","tag-reencontro-musical","tag-rouge","have-post-thumb"],"_links":{"self":[{"href":"https:\/\/maisfm88.com.br\/site\/wp-json\/wp\/v2\/posts\/8399","targetHints":{"allow":["GET"]}}],"collection":[{"href":"https:\/\/maisfm88.com.br\/site\/wp-json\/wp\/v2\/posts"}],"about":[{"href":"https:\/\/maisfm88.com.br\/site\/wp-json\/wp\/v2\/types\/post"}],"author":[{"embeddable":true,"href":"https:\/\/maisfm88.com.br\/site\/wp-json\/wp\/v2\/users\/4"}],"replies":[{"embeddable":true,"href":"https:\/\/maisfm88.com.br\/site\/wp-json\/wp\/v2\/comments?post=8399"}],"version-history":[{"count":1,"href":"https:\/\/maisfm88.com.br\/site\/wp-json\/wp\/v2\/posts\/8399\/revisions"}],"predecessor-version":[{"id":8401,"href":"https:\/\/maisfm88.com.br\/site\/wp-json\/wp\/v2\/posts\/8399\/revisions\/8401"}],"wp:featuredmedia":[{"embeddable":true,"href":"https:\/\/maisfm88.com.br\/site\/wp-json\/wp\/v2\/media\/8400"}],"wp:attachment":[{"href":"https:\/\/maisfm88.com.br\/site\/wp-json\/wp\/v2\/media?parent=8399"}],"wp:term":[{"taxonomy":"category","embeddable":true,"href":"https:\/\/maisfm88.com.br\/site\/wp-json\/wp\/v2\/categories?post=8399"},{"taxonomy":"post_tag","embeddable":true,"href":"https:\/\/maisfm88.com.br\/site\/wp-json\/wp\/v2\/tags?post=8399"}],"curies":[{"name":"wp","href":"https:\/\/api.w.org\/{rel}","templated":true}]}}