{"id":8389,"date":"2026-09-02T12:01:54","date_gmt":"2026-09-02T15:01:54","guid":{"rendered":"https:\/\/maisfm88.com.br\/site\/?p=8389"},"modified":"2026-09-02T12:01:54","modified_gmt":"2026-09-02T15:01:54","slug":"noticia-edu-guedes-novo-capitulo-e-celebracao-de-amor-duradouro","status":"publish","type":"post","link":"https:\/\/maisfm88.com.br\/site\/noticia-edu-guedes-novo-capitulo-e-celebracao-de-amor-duradouro\/","title":{"rendered":"Edu Guedes: Novo Cap\u00edtulo e Celebra\u00e7\u00e3o de Amor Duradouro"},"content":{"rendered":"<p>No efervescente universo das celebridades brasileiras, poucos nomes ressoam com tanta familiaridade e carinho quanto o de <strong>Edu Guedes<\/strong>. Conhecido por sua paix\u00e3o pela gastronomia e sua presen\u00e7a cativante na televis\u00e3o, o chef e apresentador se prepara para um dos momentos mais marcantes de sua vida: o casamento com a empres\u00e1ria e apresentadora Ana Hickmann. Este evento, que j\u00e1 figura entre os mais aguardados do ano, simboliza n\u00e3o apenas a uni\u00e3o de dois \u00edcones da m\u00eddia, mas tamb\u00e9m o in\u00edcio de um novo e emocionante cap\u00edtulo na trajet\u00f3ria pessoal e profissional de Edu Guedes.<\/p>\n<h2>A Trajet\u00f3ria de um Chef e Apresentador Amado<\/h2>\n<p>Antes de mergulharmos nos detalhes da grandiosa celebra\u00e7\u00e3o, \u00e9 fundamental revisitar a s\u00f3lida carreira que construiu a imagem de Edu Guedes no imagin\u00e1rio popular. Com mais de duas d\u00e9cadas dedicadas \u00e0 televis\u00e3o, Edu iniciou sua jornada na culin\u00e1ria ainda jovem, transformando seu amor pela gastronomia em uma profiss\u00e3o de sucesso. Sua habilidade em descomplicar receitas e sua energia contagiante \u00e0 frente das c\u00e2meras o consolidaram como um dos apresentadores mais queridos do Brasil. Programas matinais e quadros culin\u00e1rios foram seu palco, onde ensinou milhares de pessoas a arte de cozinhar, sempre com um sorriso e uma pitada de bom humor.<\/p>\n<p>Sua personalidade aut\u00eantica e seu comprometimento com a qualidade do conte\u00fado que entrega fizeram de Edu Guedes um nome de confian\u00e7a. Ele n\u00e3o \u00e9 apenas um chef; \u00e9 um comunicador que soube se conectar com o p\u00fablico de forma genu\u00edna, construindo uma base de f\u00e3s leais que o acompanham em cada novo projeto. Sua jornada \u00e9 um testemunho de dedica\u00e7\u00e3o, talento e uma paix\u00e3o inabal\u00e1vel por aquilo que faz. Agora, essa mesma paix\u00e3o se estende \u00e0 sua vida pessoal, culminando em um compromisso que promete ser t\u00e3o grandioso quanto sua carreira.<\/p>\n<h2>O Casamento Mais Esperado do Ano: Detalhes da Celebra\u00e7\u00e3o<\/h2>\n<p>O an\u00fancio do casamento entre Edu Guedes e Ana Hickmann incendiou as redes sociais e os portais de not\u00edcias, gerando uma onda de entusiasmo entre f\u00e3s e admiradores. E n\u00e3o \u00e9 para menos. Os detalhes que v\u00eam sendo revelados sobre a cerim\u00f4nia prometem uma celebra\u00e7\u00e3o de tirar o f\u00f4lego, \u00e0 altura da relev\u00e2ncia e do brilho do casal. A grandiosidade do evento reflete n\u00e3o apenas o status das personalidades envolvidas, mas tamb\u00e9m o desejo de ambos de selar essa uni\u00e3o de forma memor\u00e1vel e significativa.<\/p>\n<p>Entre os elementos que prometem encantar os convidados, destacam-se a presen\u00e7a de uma <strong>figueira centen\u00e1ria<\/strong>, a opul\u00eancia de <strong>500 cristais<\/strong> adornando o ambiente e a surpresa de uma <strong>atra\u00e7\u00e3o internacional<\/strong>. Cada um desses itens n\u00e3o \u00e9 apenas um detalhe decorativo; eles carregam simbolismos profundos e adicionam camadas de sofistica\u00e7\u00e3o e personaliza\u00e7\u00e3o \u00e0 cerim\u00f4nia, transformando-a em uma experi\u00eancia \u00fanica.<\/p>\n<h3>A Figueira Centen\u00e1ria: Ra\u00edzes de um Novo Amor<\/h3>\n<p>A escolha de uma figueira centen\u00e1ria como parte central da ambienta\u00e7\u00e3o do casamento de Edu Guedes \u00e9 um gesto carregado de significado. \u00c1rvores centen\u00e1rias s\u00e3o s\u00edmbolos de longevidade, sabedoria e resili\u00eancia. Em muitas culturas, elas representam a for\u00e7a das ra\u00edzes, a capacidade de suportar as intemp\u00e9ries do tempo e a constante renova\u00e7\u00e3o da vida. Para um casal que inicia uma nova jornada, a figueira pode simbolizar o desejo de um amor duradouro, com ra\u00edzes profundas e um crescimento cont\u00ednuo, capaz de florescer e dar frutos por muitos anos. \u00c9 um lembrete visual da solidez e da hist\u00f3ria que ambos esperam construir juntos, sob a sombra protetora de um compromisso eterno.<\/p>\n<h3>Brilho e Magia: Os 500 Cristais e a Atra\u00e7\u00e3o Internacional<\/h3>\n<p>A opul\u00eancia dos 500 cristais promete transformar o local da cerim\u00f4nia em um cen\u00e1rio de conto de fadas, onde a luz dan\u00e7a e reflete a magia do momento. Os cristais, com seu brilho e pureza, s\u00e3o frequentemente associados \u00e0 clareza, \u00e0 beleza e \u00e0 capacidade de amplificar energias positivas. Sua presen\u00e7a massiva sugere um ambiente de festa e celebra\u00e7\u00e3o, onde cada detalhe foi pensado para criar uma atmosfera de sonho e encantamento. Esse toque de luxo e esplendor certamente contribuir\u00e1 para a memorabilidade do evento, gravando-o na mem\u00f3ria dos presentes como uma experi\u00eancia sublime.<\/p>\n<p>A cereja do bolo, no entanto, \u00e9 a revela\u00e7\u00e3o de uma atra\u00e7\u00e3o internacional. Este elemento eleva o patamar da celebra\u00e7\u00e3o, conferindo-lhe um car\u00e1ter cosmopolita e exclusivo. A presen\u00e7a de um artista de renome mundial n\u00e3o s\u00f3 garante entretenimento de alta qualidade, mas tamb\u00e9m adiciona um toque de surpresa e grandiosidade que poucas celebra\u00e7\u00f5es conseguem alcan\u00e7ar. \u00c9 um presente para os convidados e um reflexo do desejo de Edu Guedes e Ana Hickmann de oferecer uma experi\u00eancia inesquec\u00edvel, marcada por momentos de alegria, m\u00fasica e celebra\u00e7\u00e3o sem fronteiras.<\/p>\n<h2>Edu Guedes e a Constru\u00e7\u00e3o de um Novo Cap\u00edtulo<\/h2>\n<p>Para Edu Guedes, este casamento representa mais do que uma simples uni\u00e3o; \u00e9 a constru\u00e7\u00e3o de um novo cap\u00edtulo em sua vida, tanto pessoal quanto publicamente. Ap\u00f3s uma trajet\u00f3ria de sucesso profissional, a consolida\u00e7\u00e3o de sua vida amorosa com Ana Hickmann \u00e9 um marco que ressoa profundamente com seus admiradores. O p\u00fablico, que o acompanha h\u00e1 anos, demonstra um carinho especial por sua felicidade, vendo neste casamento a realiza\u00e7\u00e3o de um desejo de estabilidade e plenitude.<\/p>\n<p>A decis\u00e3o de Edu Guedes de compartilhar este momento t\u00e3o \u00edntimo e significativo com o p\u00fablico, ainda que atrav\u00e9s de detalhes e expectativas, refor\u00e7a a conex\u00e3o que ele sempre cultivou com seus f\u00e3s. \u00c9 um gesto de transpar\u00eancia e de celebra\u00e7\u00e3o da vida em suas m\u00faltiplas facetas. A expectativa em torno de seu casamento com Ana Hickmann n\u00e3o se limita apenas aos aspectos glamorosos da festa, mas tamb\u00e9m \u00e0 promessa de uma parceria s\u00f3lida, baseada em respeito, admira\u00e7\u00e3o m\u00fatua e um amor que floresceu sob os holofotes.<\/p>\n<h2>Mais que um Casamento: Um Reflexo de Carinho e Admiradores<\/h2>\n<p>O casamento de Edu Guedes \u00e9, em \u00faltima an\u00e1lise, um reflexo do carinho que o p\u00fablico nutre por ele. Ao longo dos anos, ele se tornou uma figura familiar, quase um membro da fam\u00edlia para muitos lares brasileiros. Sua felicidade \u00e9 motivo de celebra\u00e7\u00e3o para quem acompanha sua jornada. Este novo cap\u00edtulo em sua vida amorosa, selado com a grandiosidade e o simbolismo dos detalhes revelados, promete ser um dos momentos mais comentados do ano, solidificando ainda mais a imagem de Edu Guedes como um \u00edcone que transita com maestria entre o fog\u00e3o e o cora\u00e7\u00e3o do p\u00fablico.<\/p>\n<p>Que esta uni\u00e3o seja repleta de alegrias, novas receitas de vida e muitos momentos doces, \u00e0 altura do brilho e da paix\u00e3o que <strong>Edu Guedes<\/strong> sempre demonstrou em sua inspiradora trajet\u00f3ria.<\/p>\n","protected":false},"excerpt":{"rendered":"<p>No efervescente universo das celebridades brasileiras, poucos nomes ressoam com tanta familiaridade e carinho quanto o de Edu Guedes. Conhecido por sua paix\u00e3o pela gastronomia e sua presen\u00e7a cativante na televis\u00e3o, o chef e apresentador se prepara para um dos momentos mais marcantes de sua vida: o casamento com a empres\u00e1ria e apresentadora Ana Hickmann&#8230;.<\/p>\n","protected":false},"author":4,"featured_media":0,"comment_status":"open","ping_status":"open","sticky":false,"template":"","format":"standard","meta":{"om_disable_all_campaigns":false,"footnotes":""},"categories":[103],"tags":[],"class_list":["post-8389","post","type-post","status-publish","format-standard","hentry","category-famosos"],"_links":{"self":[{"href":"https:\/\/maisfm88.com.br\/site\/wp-json\/wp\/v2\/posts\/8389","targetHints":{"allow":["GET"]}}],"collection":[{"href":"https:\/\/maisfm88.com.br\/site\/wp-json\/wp\/v2\/posts"}],"about":[{"href":"https:\/\/maisfm88.com.br\/site\/wp-json\/wp\/v2\/types\/post"}],"author":[{"embeddable":true,"href":"https:\/\/maisfm88.com.br\/site\/wp-json\/wp\/v2\/users\/4"}],"replies":[{"embeddable":true,"href":"https:\/\/maisfm88.com.br\/site\/wp-json\/wp\/v2\/comments?post=8389"}],"version-history":[{"count":1,"href":"https:\/\/maisfm88.com.br\/site\/wp-json\/wp\/v2\/posts\/8389\/revisions"}],"predecessor-version":[{"id":8390,"href":"https:\/\/maisfm88.com.br\/site\/wp-json\/wp\/v2\/posts\/8389\/revisions\/8390"}],"wp:attachment":[{"href":"https:\/\/maisfm88.com.br\/site\/wp-json\/wp\/v2\/media?parent=8389"}],"wp:term":[{"taxonomy":"category","embeddable":true,"href":"https:\/\/maisfm88.com.br\/site\/wp-json\/wp\/v2\/categories?post=8389"},{"taxonomy":"post_tag","embeddable":true,"href":"https:\/\/maisfm88.com.br\/site\/wp-json\/wp\/v2\/tags?post=8389"}],"curies":[{"name":"wp","href":"https:\/\/api.w.org\/{rel}","templated":true}]}}