{"id":8387,"date":"2026-09-02T09:01:26","date_gmt":"2026-09-02T12:01:26","guid":{"rendered":"https:\/\/maisfm88.com.br\/site\/?p=8387"},"modified":"2026-09-02T09:01:26","modified_gmt":"2026-09-02T12:01:26","slug":"ana-hickmann-luxo-e-emocao-no-casamento-com-edu-guedes","status":"publish","type":"post","link":"https:\/\/maisfm88.com.br\/site\/ana-hickmann-luxo-e-emocao-no-casamento-com-edu-guedes\/","title":{"rendered":"Ana Hickmann: Luxo e Emo\u00e7\u00e3o no Casamento com Edu Guedes"},"content":{"rendered":"<h2>Ana Hickmann e Edu Guedes celebram uni\u00e3o em cerim\u00f4nia deslumbrante<\/h2>\n<p>A apresentadora <strong>Ana Hickmann<\/strong> e o chef de cozinha <strong>Edu Guedes<\/strong> oficializaram sua uni\u00e3o em um casamento que tem sido amplamente comentado, n\u00e3o apenas pela uni\u00e3o do casal, mas tamb\u00e9m pelos detalhes luxuosos e emocionantes da celebra\u00e7\u00e3o. A cerim\u00f4nia, que aconteceu em um cen\u00e1rio id\u00edlico, contou com elementos que tornaram o dia inesquec\u00edvel, unindo o requinte \u00e0 natureza.<\/p>\n<h3>Um cen\u00e1rio de conto de fadas com toques de sofistica\u00e7\u00e3o<\/h3>\n<p>Um dos pontos altos do evento foi a escolha do local, que abrigava uma imponente <strong>figueira centen\u00e1ria<\/strong>. A \u00e1rvore, s\u00edmbolo de for\u00e7a e longevidade, serviu como um elemento natural e majestoso para a decora\u00e7\u00e3o, integrando a beleza da natureza ao cen\u00e1rio festivo. A presen\u00e7a da figueira adicionou um toque de hist\u00f3ria e significado ao casamento, contrastando com a modernidade e o luxo que permearam a celebra\u00e7\u00e3o.<\/p>\n<p>O requinte ficou evidente nos detalhes, como os <strong>500 cristais<\/strong> cuidadosamente distribu\u00eddos na decora\u00e7\u00e3o. Estes elementos brilhantes n\u00e3o apenas adicionaram um glamour extra ao ambiente, mas tamb\u00e9m refletiram a luz, criando uma atmosfera m\u00e1gica e cintilante. A escolha dos cristais demonstra a aten\u00e7\u00e3o aos pormenores e o desejo de proporcionar uma experi\u00eancia visualmente deslumbrante para os convidados.<\/p>\n<h3>Atra\u00e7\u00e3o internacional e momentos de pura emo\u00e7\u00e3o<\/h3>\n<p>Para tornar a festa ainda mais especial, o casal optou por uma <strong>atra\u00e7\u00e3o internacional<\/strong>. Embora os detalhes sobre a identidade do artista n\u00e3o tenham sido divulgados amplamente, a presen\u00e7a de um nome de fora do Brasil sugere um investimento em entretenimento de alto n\u00edvel, visando surpreender e encantar os presentes com performances exclusivas. Este toque internacional elevou o patamar da celebra\u00e7\u00e3o, conferindo-lhe um ar ainda mais sofisticado.<\/p>\n<p>Al\u00e9m do luxo e das atra\u00e7\u00f5es, o casamento foi marcado por momentos de profunda emo\u00e7\u00e3o. A uni\u00e3o de Ana Hickmann e Edu Guedes representa um novo cap\u00edtulo em suas vidas, e a celebra\u00e7\u00e3o refletiu a alegria e o amor que compartilham. A apresentadora, conhecida por sua trajet\u00f3ria na televis\u00e3o e por sua for\u00e7a, e o chef, renomado em sua \u00e1rea, formam um casal que inspira muitos admiradores.<\/p>\n<h3>Ana Hickmann: uma trajet\u00f3ria de sucesso e resili\u00eancia<\/h3>\n<p>Ana Hickmann \u00e9 uma figura consolidada no cen\u00e1rio brasileiro, com uma carreira que abrange mais de duas d\u00e9cadas. Iniciou sua trajet\u00f3ria como modelo e rapidamente se destacou, conquistando espa\u00e7o na televis\u00e3o. Ao longo dos anos, consolidou-se como apresentadora, empres\u00e1ria e influenciadora digital, mostrando versatilidade e um forte senso de empreendedorismo. Sua jornada \u00e9 marcada por sucessos profissionais e tamb\u00e9m por uma not\u00e1vel resili\u00eancia diante de desafios pessoais, o que a torna uma inspira\u00e7\u00e3o para muitas mulheres.<\/p>\n<p>O casamento com Edu Guedes \u00e9 visto por muitos como um recome\u00e7o e a celebra\u00e7\u00e3o do amor. A rela\u00e7\u00e3o entre eles tem sido acompanhada com carinho pelo p\u00fablico, que deseja felicidade ao novo casal. A cerim\u00f4nia, com sua combina\u00e7\u00e3o \u00fanica de elementos naturais, sofistica\u00e7\u00e3o e atra\u00e7\u00f5es de peso, certamente ficar\u00e1 na mem\u00f3ria de todos os presentes e dos admiradores do casal.<\/p>\n","protected":false},"excerpt":{"rendered":"<p>Ana Hickmann e Edu Guedes celebram uni\u00e3o em cerim\u00f4nia deslumbrante A apresentadora Ana Hickmann e o chef de cozinha Edu Guedes oficializaram sua uni\u00e3o em um casamento que tem sido amplamente comentado, n\u00e3o apenas pela uni\u00e3o do casal, mas tamb\u00e9m pelos detalhes luxuosos e emocionantes da celebra\u00e7\u00e3o. A cerim\u00f4nia, que aconteceu em um cen\u00e1rio id\u00edlico,&#8230;<\/p>\n","protected":false},"author":4,"featured_media":0,"comment_status":"open","ping_status":"open","sticky":false,"template":"","format":"standard","meta":{"om_disable_all_campaigns":false,"footnotes":""},"categories":[103],"tags":[830,344,142,1509,261],"class_list":["post-8387","post","type-post","status-publish","format-standard","hentry","category-famosos","tag-ana-hickmann","tag-casamento","tag-celebridade","tag-edu-guedes","tag-luxo"],"_links":{"self":[{"href":"https:\/\/maisfm88.com.br\/site\/wp-json\/wp\/v2\/posts\/8387","targetHints":{"allow":["GET"]}}],"collection":[{"href":"https:\/\/maisfm88.com.br\/site\/wp-json\/wp\/v2\/posts"}],"about":[{"href":"https:\/\/maisfm88.com.br\/site\/wp-json\/wp\/v2\/types\/post"}],"author":[{"embeddable":true,"href":"https:\/\/maisfm88.com.br\/site\/wp-json\/wp\/v2\/users\/4"}],"replies":[{"embeddable":true,"href":"https:\/\/maisfm88.com.br\/site\/wp-json\/wp\/v2\/comments?post=8387"}],"version-history":[{"count":1,"href":"https:\/\/maisfm88.com.br\/site\/wp-json\/wp\/v2\/posts\/8387\/revisions"}],"predecessor-version":[{"id":8388,"href":"https:\/\/maisfm88.com.br\/site\/wp-json\/wp\/v2\/posts\/8387\/revisions\/8388"}],"wp:attachment":[{"href":"https:\/\/maisfm88.com.br\/site\/wp-json\/wp\/v2\/media?parent=8387"}],"wp:term":[{"taxonomy":"category","embeddable":true,"href":"https:\/\/maisfm88.com.br\/site\/wp-json\/wp\/v2\/categories?post=8387"},{"taxonomy":"post_tag","embeddable":true,"href":"https:\/\/maisfm88.com.br\/site\/wp-json\/wp\/v2\/tags?post=8387"}],"curies":[{"name":"wp","href":"https:\/\/api.w.org\/{rel}","templated":true}]}}