{"id":8376,"date":"2026-09-01T12:01:09","date_gmt":"2026-09-01T15:01:09","guid":{"rendered":"https:\/\/maisfm88.com.br\/site\/?p=8376"},"modified":"2026-09-01T12:01:09","modified_gmt":"2026-09-01T15:01:09","slug":"bento-gil-brilha-no-rock-in-rio-com-apoio-de-preta-gil","status":"publish","type":"post","link":"https:\/\/maisfm88.com.br\/site\/bento-gil-brilha-no-rock-in-rio-com-apoio-de-preta-gil\/","title":{"rendered":"Bento Gil Brilha no Rock in Rio com Apoio de Preta Gil"},"content":{"rendered":"<p>A cena musical brasileira est\u00e1 sempre em efervesc\u00eancia, e um novo nome promete agitar ainda mais o cen\u00e1rio: <strong>Bento Gil<\/strong>. Herdeiro de um dos sobrenomes mais ic\u00f4nicos da m\u00fasica nacional, o artista est\u00e1 se preparando para um marco significativo em sua carreira: a estreia no palco do Rock in Rio 2026. Mais do que uma simples apresenta\u00e7\u00e3o, este momento representa a consolida\u00e7\u00e3o de um talento que vem sendo lapidado com o carinho e o incentivo de sua fam\u00edlia, especialmente de sua madrinha art\u00edstica, Preta Gil.<\/p>\n<h2>A Heran\u00e7a Musical e o Desafio de um Sobrenome Peso<\/h2>\n<p>Ser um Gil na m\u00fasica brasileira \u00e9, ao mesmo tempo, uma b\u00ean\u00e7\u00e3o e um desafio. Com um av\u00f4 como Gilberto Gil, um dos maiores \u00edcones da MPB, e uma m\u00e3e como Nara Gil, al\u00e9m de tios e tias que s\u00e3o refer\u00eancias em diversas vertentes art\u00edsticas, <em>Bento Gil<\/em> carrega um legado imenso. Essa heran\u00e7a, por um lado, abre portas e gera curiosidade, mas por outro, imp\u00f5e uma press\u00e3o natural para que o artista encontre sua pr\u00f3pria voz e identidade em meio a tantas trajet\u00f3rias brilhantes.<\/p>\n<p>Bento, no entanto, parece estar trilhando esse caminho com autenticidade e dedica\u00e7\u00e3o. Longe de se apoiar apenas no prest\u00edgio familiar, ele tem constru\u00eddo sua jornada com passos firmes, explorando sonoridades contempor\u00e2neas e mostrando que o talento \u00e9, de fato, uma marca indel\u00e9vel em seu DNA. Sua m\u00fasica, que transita por g\u00eaneros que flertam com o pop, a MPB e elementos eletr\u00f4nicos, reflete uma busca por inova\u00e7\u00e3o sem perder a conex\u00e3o com as ra\u00edzes que o formaram.<\/p>\n<h2>O Empurr\u00e3o de Uma Madrinha Art\u00edstica: Preta Gil<\/h2>\n<h3>A Vis\u00e3o Que Transforma<\/h3>\n<p>Um dos aspectos mais emocionantes da ascens\u00e3o de Bento Gil \u00e9 o papel fundamental que Preta Gil, sua tia e madrinha, desempenhou em sua trajet\u00f3ria. Em suas pr\u00f3prias palavras, Bento revelou a import\u00e2ncia do apoio de Preta: <strong>\u201cEla me enxergava como artista\u201d<\/strong>. Essa frase simples carrega um peso enorme, pois n\u00e3o se trata apenas de um incentivo familiar, mas de um reconhecimento profundo de um potencial art\u00edstico ainda em forma\u00e7\u00e3o.<\/p>\n<p>Preta Gil, com sua vasta experi\u00eancia nos palcos e sua sensibilidade para identificar novos talentos, foi mais do que uma incentivadora; ela foi uma mentora. O olhar atento e a cren\u00e7a inabal\u00e1vel de algu\u00e9m t\u00e3o experiente no universo da m\u00fasica e do entretenimento podem ser o catalisador que um jovem artista precisa para superar as inseguran\u00e7as e abra\u00e7ar plenamente seu dom. Essa conex\u00e3o familiar, que se transformou em uma poderosa parceria art\u00edstica, demonstra como o apoio certo pode moldar o destino de uma carreira.<\/p>\n<h3>Da Inspira\u00e7\u00e3o ao Palco Principal<\/h3>\n<p>O incentivo de Preta n\u00e3o ficou apenas nas palavras. A forma como ela o \u201cenxergava como artista\u201d certamente se traduziu em conversas, conselhos e, possivelmente, em oportunidades que o ajudaram a amadurecer musicalmente. \u00c9 um testemunho da import\u00e2ncia de ter figuras de refer\u00eancia que n\u00e3o apenas apoiam, mas que tamb\u00e9m validam e impulsionam o talento de quem est\u00e1 come\u00e7ando.<\/p>\n<p>Essa rela\u00e7\u00e3o, permeada por afeto e profissionalismo, pavimentou o caminho para que Bento pudesse al\u00e7ar voos mais altos. A estreia no Rock in Rio n\u00e3o \u00e9 um evento isolado, mas o \u00e1pice de um processo de desenvolvimento art\u00edstico que contou com essa base s\u00f3lida de apoio e confian\u00e7a. \u00c9 a materializa\u00e7\u00e3o de um sonho que foi nutrido e incentivado por quem mais acredita em seu potencial.<\/p>\n<h2>Rock in Rio 2026: O Palco da Afirma\u00e7\u00e3o<\/h2>\n<h3>A Grande Estreia em um Festival Lend\u00e1rio<\/h3>\n<p>O Rock in Rio \u00e9 um dos maiores festivais de m\u00fasica do mundo, um verdadeiro templo para artistas consagrados e uma vitrine inestim\u00e1vel para novos talentos. Para <em>Bento Gil<\/em>, pisar naquele palco em 2026 ser\u00e1 mais do que uma performance; ser\u00e1 um rito de passagem, um momento de afirma\u00e7\u00e3o de sua identidade art\u00edstica diante de uma plateia gigantesca e de olhos atentos de todo o planeta. A magnitude do evento por si s\u00f3 j\u00e1 \u00e9 um atestado do reconhecimento do seu trabalho e do potencial que ele representa para o futuro da m\u00fasica brasileira.<\/p>\n<p>A expectativa em torno de sua apresenta\u00e7\u00e3o \u00e9 alta. Os f\u00e3s aguardam ansiosamente para ver como Bento traduzir\u00e1 sua sonoridade e sua energia para um palco de tal propor\u00e7\u00e3o. Ser\u00e1 uma oportunidade para ele mostrar que, apesar do sobrenome ilustre, sua m\u00fasica tem brilho pr\u00f3prio, capaz de cativar e emocionar. A mistura de sua heran\u00e7a com a sua pr\u00f3pria vis\u00e3o art\u00edstica promete um show \u00fanico, aut\u00eantico e inesquec\u00edvel.<\/p>\n<h3>Al\u00e9m do Sobrenome: A Voz Pr\u00f3pria de Bento Gil<\/h3>\n<p>Embora a conex\u00e3o com a fam\u00edlia Gil seja ineg\u00e1vel e motivo de orgulho, a estreia no Rock in Rio \u00e9 o momento em que <strong>Bento Gil<\/strong> tem a chance de se apresentar n\u00e3o apenas como \u201co neto de Gilberto Gil\u201d ou \u201co sobrinho de Preta Gil\u201d, mas como Bento Gil, o artista. \u00c9 a oportunidade de criar uma mem\u00f3ria coletiva com seu nome e sua arte, solidificando sua posi\u00e7\u00e3o como uma voz original na cena musical.<\/p>\n<p>A performance ser\u00e1 um divisor de \u00e1guas, marcando o in\u00edcio de uma nova fase onde ele poder\u00e1 explorar ainda mais sua criatividade e consolidar sua base de f\u00e3s. \u00c9 um momento de celebrar a jornada percorrida e de vislumbrar os muitos caminhos que se abrem a partir de uma plataforma t\u00e3o grandiosa.<\/p>\n<h2>O Futuro Brilhante de Bento Gil<\/h2>\n<p>Com a experi\u00eancia do Rock in Rio no horizonte, o futuro de <em>Bento Gil<\/em> parece promissor. Este \u00e9 apenas o come\u00e7o de uma trajet\u00f3ria que, com certeza, ser\u00e1 repleta de novas composi\u00e7\u00f5es, colabora\u00e7\u00f5es e shows que continuar\u00e3o a encantar o p\u00fablico. A uni\u00e3o de sua linhagem musical com sua pr\u00f3pria busca por inova\u00e7\u00e3o o posiciona como um dos nomes mais interessantes a serem acompanhados na pr\u00f3xima d\u00e9cada.<\/p>\n<p>Seja com um \u00e1lbum de estreia, novas turn\u00eas ou participa\u00e7\u00f5es em outros projetos, a energia e o talento de Bento Gil est\u00e3o prontos para conquistar seu espa\u00e7o. O R\u00e1dio Social Plus Brasil estar\u00e1 de olho em cada passo deste artista que, com o apoio de sua fam\u00edlia e sua pr\u00f3pria dedica\u00e7\u00e3o, promete deixar uma marca indel\u00e9vel na m\u00fasica brasileira.<\/p>\n","protected":false},"excerpt":{"rendered":"<p>A cena musical brasileira est\u00e1 sempre em efervesc\u00eancia, e um novo nome promete agitar ainda mais o cen\u00e1rio: Bento Gil. Herdeiro de um dos sobrenomes mais ic\u00f4nicos da m\u00fasica nacional, o artista est\u00e1 se preparando para um marco significativo em sua carreira: a estreia no palco do Rock in Rio 2026. Mais do que uma&#8230;<\/p>\n","protected":false},"author":4,"featured_media":0,"comment_status":"open","ping_status":"open","sticky":false,"template":"","format":"standard","meta":{"om_disable_all_campaigns":false,"footnotes":""},"categories":[103],"tags":[1499,109,110,1168,784],"class_list":["post-8376","post","type-post","status-publish","format-standard","hentry","category-famosos","tag-bento-gil","tag-celebridades","tag-musica-brasileira","tag-preta-gil","tag-rock-in-rio"],"_links":{"self":[{"href":"https:\/\/maisfm88.com.br\/site\/wp-json\/wp\/v2\/posts\/8376","targetHints":{"allow":["GET"]}}],"collection":[{"href":"https:\/\/maisfm88.com.br\/site\/wp-json\/wp\/v2\/posts"}],"about":[{"href":"https:\/\/maisfm88.com.br\/site\/wp-json\/wp\/v2\/types\/post"}],"author":[{"embeddable":true,"href":"https:\/\/maisfm88.com.br\/site\/wp-json\/wp\/v2\/users\/4"}],"replies":[{"embeddable":true,"href":"https:\/\/maisfm88.com.br\/site\/wp-json\/wp\/v2\/comments?post=8376"}],"version-history":[{"count":1,"href":"https:\/\/maisfm88.com.br\/site\/wp-json\/wp\/v2\/posts\/8376\/revisions"}],"predecessor-version":[{"id":8377,"href":"https:\/\/maisfm88.com.br\/site\/wp-json\/wp\/v2\/posts\/8376\/revisions\/8377"}],"wp:attachment":[{"href":"https:\/\/maisfm88.com.br\/site\/wp-json\/wp\/v2\/media?parent=8376"}],"wp:term":[{"taxonomy":"category","embeddable":true,"href":"https:\/\/maisfm88.com.br\/site\/wp-json\/wp\/v2\/categories?post=8376"},{"taxonomy":"post_tag","embeddable":true,"href":"https:\/\/maisfm88.com.br\/site\/wp-json\/wp\/v2\/tags?post=8376"}],"curies":[{"name":"wp","href":"https:\/\/api.w.org\/{rel}","templated":true}]}}