{"id":8370,"date":"2026-08-31T15:01:06","date_gmt":"2026-08-31T18:01:06","guid":{"rendered":"https:\/\/maisfm88.com.br\/site\/?p=8370"},"modified":"2026-08-31T15:01:06","modified_gmt":"2026-08-31T18:01:06","slug":"debby-lagranha-dia-de-praia-e-reflexoes-sobre-familia","status":"publish","type":"post","link":"https:\/\/maisfm88.com.br\/site\/debby-lagranha-dia-de-praia-e-reflexoes-sobre-familia\/","title":{"rendered":"Debby Lagranha: Dia de Praia e Reflex\u00f5es sobre Fam\u00edlia"},"content":{"rendered":"<p>A atriz e apresentadora <strong>Debby Lagranha<\/strong>, conhecida por seu trabalho na televis\u00e3o e por sua personalidade vibrante, compartilhou recentemente momentos de lazer em fam\u00edlia que aqueceram o cora\u00e7\u00e3o de seus seguidores. Em uma publica\u00e7\u00e3o nas redes sociais, Debby mostrou um dia ensolarado na praia ao lado de seus filhos, evidenciando a for\u00e7a dos la\u00e7os familiares.<\/p>\n<h2>Um Dia de Sol e Cumplicidade<\/h2>\n<p>A postagem de Debby Lagranha revelou a alegria e a descontra\u00e7\u00e3o de um passeio familiar \u00e0 beira-mar. As fotos e v\u00eddeos capturaram a ess\u00eancia de um dia perfeito, com as crian\u00e7as brincando na areia e aproveitando o mar, enquanto a atriz observava com um sorriso no rosto. A legenda escolhida, &#8220;Temos uns aos outros&#8221;, resumiu o sentimento de gratid\u00e3o e a import\u00e2ncia do apoio m\u00fatuo dentro da fam\u00edlia, especialmente em tempos que exigem resili\u00eancia e uni\u00e3o.<\/p>\n<p>Debby, que construiu uma carreira s\u00f3lida na m\u00eddia desde jovem, tem mantido uma rela\u00e7\u00e3o pr\u00f3xima com seus f\u00e3s, compartilhando n\u00e3o apenas os bastidores de sua vida profissional, mas tamb\u00e9m os momentos mais \u00edntimos e significativos de sua jornada pessoal. Essa transpar\u00eancia tem sido um dos pilares de sua conex\u00e3o com o p\u00fablico, que acompanha e torce por sua trajet\u00f3ria.<\/p>\n<h3>A Import\u00e2ncia da Fam\u00edlia na Vida de Debby Lagranha<\/h3>\n<p>Para Debby Lagranha, a fam\u00edlia sempre foi um porto seguro e uma fonte de inspira\u00e7\u00e3o. Em diversas ocasi\u00f5es, ela j\u00e1 expressou o quanto a maternidade transformou sua vida e a fez redescobrir prioridades. O dia na praia foi mais uma oportunidade de fortalecer esses v\u00ednculos, criando mem\u00f3rias afetivas que, sem d\u00favida, ser\u00e3o preciosas para seus filhos no futuro.<\/p>\n<p>A atriz, que participou de produ\u00e7\u00f5es marcantes e apresentou programas de grande audi\u00eancia, demonstra agora uma maturidade e uma clareza sobre o que realmente importa. O foco em seus filhos e na constru\u00e7\u00e3o de um ambiente familiar harmonioso reflete uma fase de plenitude e realiza\u00e7\u00e3o pessoal. A mensagem &#8220;Temos uns aos outros&#8221; ecoa como um hino \u00e0 for\u00e7a que emana dos relacionamentos familiares, um lembrete de que, juntos, somos mais fortes para enfrentar qualquer desafio.<\/p>\n<h2>Carreira em Evolu\u00e7\u00e3o e Novas Perspectivas<\/h2>\n<p>Embora o foco da recente publica\u00e7\u00e3o tenha sido a vida familiar, a carreira de Debby Lagranha continua a evoluir. A artista, que trilhou um caminho de sucesso na TV, sempre buscou novos desafios e projetos que pudessem explorar diferentes facetas de seu talento. Sua versatilidade como atriz e apresentadora a mant\u00e9m relevante no cen\u00e1rio art\u00edstico brasileiro.<\/p>\n<p>A capacidade de Debby de transitar entre a vida p\u00fablica e privada com naturalidade \u00e9 admir\u00e1vel. Enquanto se dedica \u00e0 cria\u00e7\u00e3o de seus filhos e desfruta de momentos preciosos como o dia na praia, ela tamb\u00e9m se mant\u00e9m atenta \u00e0s oportunidades profissionais, sempre com a bagagem de quem sabe o valor da experi\u00eancia e a import\u00e2ncia de se reinventar. A simplicidade e a autenticidade com que ela compartilha sua vida s\u00e3o contagiantes, inspirando muitos a valorizarem seus pr\u00f3prios n\u00facleos familiares e a buscarem um equil\u00edbrio saud\u00e1vel entre vida pessoal e profissional.<\/p>\n<p>A reflex\u00e3o de Debby Lagranha sobre ter &#8220;uns aos outros&#8221; \u00e9 um convite \u00e0 valoriza\u00e7\u00e3o das conex\u00f5es humanas, um tema universal e sempre atual. Em um mundo cada vez mais digital e, por vezes, solit\u00e1rio, a for\u00e7a de um abra\u00e7o, de um olhar c\u00famplice e do simples ato de estar presente se torna ainda mais valiosa. A atriz, com sua sensibilidade, nos lembra dessa verdade fundamental.<\/p>\n","protected":false},"excerpt":{"rendered":"<p>A atriz e apresentadora Debby Lagranha, conhecida por seu trabalho na televis\u00e3o e por sua personalidade vibrante, compartilhou recentemente momentos de lazer em fam\u00edlia que aqueceram o cora\u00e7\u00e3o de seus seguidores. Em uma publica\u00e7\u00e3o nas redes sociais, Debby mostrou um dia ensolarado na praia ao lado de seus filhos, evidenciando a for\u00e7a dos la\u00e7os familiares&#8230;.<\/p>\n","protected":false},"author":4,"featured_media":0,"comment_status":"open","ping_status":"open","sticky":false,"template":"","format":"standard","meta":{"om_disable_all_campaigns":false,"footnotes":""},"categories":[103],"tags":[109,1496,1498,376,248],"class_list":["post-8370","post","type-post","status-publish","format-standard","hentry","category-famosos","tag-celebridades","tag-debby-lagranha","tag-dia-de-praia","tag-familia","tag-maternidade"],"_links":{"self":[{"href":"https:\/\/maisfm88.com.br\/site\/wp-json\/wp\/v2\/posts\/8370","targetHints":{"allow":["GET"]}}],"collection":[{"href":"https:\/\/maisfm88.com.br\/site\/wp-json\/wp\/v2\/posts"}],"about":[{"href":"https:\/\/maisfm88.com.br\/site\/wp-json\/wp\/v2\/types\/post"}],"author":[{"embeddable":true,"href":"https:\/\/maisfm88.com.br\/site\/wp-json\/wp\/v2\/users\/4"}],"replies":[{"embeddable":true,"href":"https:\/\/maisfm88.com.br\/site\/wp-json\/wp\/v2\/comments?post=8370"}],"version-history":[{"count":1,"href":"https:\/\/maisfm88.com.br\/site\/wp-json\/wp\/v2\/posts\/8370\/revisions"}],"predecessor-version":[{"id":8371,"href":"https:\/\/maisfm88.com.br\/site\/wp-json\/wp\/v2\/posts\/8370\/revisions\/8371"}],"wp:attachment":[{"href":"https:\/\/maisfm88.com.br\/site\/wp-json\/wp\/v2\/media?parent=8370"}],"wp:term":[{"taxonomy":"category","embeddable":true,"href":"https:\/\/maisfm88.com.br\/site\/wp-json\/wp\/v2\/categories?post=8370"},{"taxonomy":"post_tag","embeddable":true,"href":"https:\/\/maisfm88.com.br\/site\/wp-json\/wp\/v2\/tags?post=8370"}],"curies":[{"name":"wp","href":"https:\/\/api.w.org\/{rel}","templated":true}]}}