{"id":8364,"date":"2026-08-31T06:01:26","date_gmt":"2026-08-31T09:01:26","guid":{"rendered":"https:\/\/maisfm88.com.br\/site\/?p=8364"},"modified":"2026-08-31T06:01:26","modified_gmt":"2026-08-31T09:01:26","slug":"isabel-teixeira-emocao-e-reconhecimento-no-domingao-com","status":"publish","type":"post","link":"https:\/\/maisfm88.com.br\/site\/isabel-teixeira-emocao-e-reconhecimento-no-domingao-com\/","title":{"rendered":"Isabel Teixeira: Emo\u00e7\u00e3o e Reconhecimento no Doming\u00e3o com Huck"},"content":{"rendered":"<h2>Isabel Teixeira Recebe Homenagem Surpresa no Doming\u00e3o com Huck<\/h2>\n<p>A talentosa atriz <strong>Isabel Teixeira<\/strong>, conhecida por seus pap\u00e9is marcantes na televis\u00e3o brasileira, viveu um momento de pura emo\u00e7\u00e3o neste domingo (30) durante sua participa\u00e7\u00e3o no programa <strong>Doming\u00e3o com Huck<\/strong>. Convidada para atuar como jurada art\u00edstica no quadro Dan\u00e7a dos Famosos, Teixeira foi surpreendida com recados carinhosos de sua filha e da amiga e colega de profiss\u00e3o, Tat\u00e1 Werneck. O programa, comandado por Luciano Huck, proporcionou um palco para que a atriz pudesse compartilhar sua alegria e gratid\u00e3o.<\/p>\n<h3>Um Momento de Profunda Emo\u00e7\u00e3o<\/h3>\n<p>A surpresa veio em forma de v\u00eddeo, onde a filha de Isabel Teixeira fez quest\u00e3o de expressar seu amor e admira\u00e7\u00e3o pela m\u00e3e. Em seguida, Tat\u00e1 Werneck, com seu humor caracter\u00edstico e afeto genu\u00edno, tamb\u00e9m enviou uma mensagem que arrancou sorrisos e l\u00e1grimas da atriz. Para Isabel Teixeira, esses momentos s\u00e3o inestim\u00e1veis, especialmente em um ambiente t\u00e3o din\u00e2mico quanto o programa dominical. A atriz, que recentemente brilhou em produ\u00e7\u00f5es de destaque, demonstrou sua sensibilidade e a forte conex\u00e3o com as pessoas que ama.<\/p>\n<h3>Carreira em Ascens\u00e3o e Reconhecimento<\/h3>\n<p>Isabel Teixeira tem constru\u00eddo uma s\u00f3lida carreira na televis\u00e3o, cinema e teatro, conquistando o p\u00fablico e a cr\u00edtica com sua versatilidade e entrega em cada personagem. Sua atua\u00e7\u00e3o em novelas recentes a consolidou como um dos grandes nomes da dramaturgia nacional. A participa\u00e7\u00e3o no Doming\u00e3o com Huck como jurada em um quadro t\u00e3o popular como a Dan\u00e7a dos Famosos refor\u00e7a seu prest\u00edgio e o carinho que o p\u00fablico tem por ela. Ser jurada em uma competi\u00e7\u00e3o de dan\u00e7a exige um olhar apurado e conhecimento t\u00e9cnico, habilidades que Teixeira certamente possui, dada sua experi\u00eancia art\u00edstica.<\/p>\n<h3>O Papel de Jurada e a Din\u00e2mica do Programa<\/h3>\n<p>Como jurada, Isabel Teixeira teve a oportunidade de avaliar as performances dos competidores, oferecendo sua perspectiva art\u00edstica e contribuindo para o desenvolvimento do quadro. A Dan\u00e7a dos Famosos \u00e9 um dos quadros mais queridos do Doming\u00e3o, conhecido por desafiar celebridades a mostrarem seus talentos em diferentes ritmos de dan\u00e7a. A presen\u00e7a de Teixeira no j\u00fari adicionou um toque de sofistica\u00e7\u00e3o e expertise, enriquecendo a experi\u00eancia dos telespectadores e dos participantes.<\/p>\n<p>Luciano Huck, ao longo do programa, interagiu com Isabel, destacando sua import\u00e2ncia para o cen\u00e1rio art\u00edstico brasileiro. A emo\u00e7\u00e3o de receber o carinho de sua filha e de Tat\u00e1 Werneck em rede nacional certamente ficar\u00e1 marcada na mem\u00f3ria da atriz. Esses momentos humanizam as personalidades p\u00fablicas e conectam o p\u00fablico a elas de uma forma mais profunda, mostrando que, por tr\u00e1s dos grandes pap\u00e9is, existem pessoas com sentimentos e rela\u00e7\u00f5es significativas.<\/p>\n<h3>Um Olhar para o Futuro<\/h3>\n<p>Com uma trajet\u00f3ria de sucesso e o reconhecimento cont\u00ednuo do p\u00fablico e da m\u00eddia, Isabel Teixeira se consolida como uma artista completa. Sua participa\u00e7\u00e3o no Doming\u00e3o com Huck foi mais um cap\u00edtulo em sua vitoriosa carreira, repleto de emo\u00e7\u00e3o e celebra\u00e7\u00e3o. A expectativa agora fica por conta dos pr\u00f3ximos projetos da atriz, que certamente continuar\u00e3o a encantar o Brasil com seu talento \u00edmpar.<\/p>\n","protected":false},"excerpt":{"rendered":"<p>Isabel Teixeira Recebe Homenagem Surpresa no Doming\u00e3o com Huck A talentosa atriz Isabel Teixeira, conhecida por seus pap\u00e9is marcantes na televis\u00e3o brasileira, viveu um momento de pura emo\u00e7\u00e3o neste domingo (30) durante sua participa\u00e7\u00e3o no programa Doming\u00e3o com Huck. Convidada para atuar como jurada art\u00edstica no quadro Dan\u00e7a dos Famosos, Teixeira foi surpreendida com recados&#8230;<\/p>\n","protected":false},"author":4,"featured_media":0,"comment_status":"open","ping_status":"open","sticky":false,"template":"","format":"standard","meta":{"om_disable_all_campaigns":false,"footnotes":""},"categories":[103],"tags":[1337,558,562,1336,163],"class_list":["post-8364","post","type-post","status-publish","format-standard","hentry","category-famosos","tag-danca-dos-famosos","tag-domingao-com-huck","tag-isabel-teixeira","tag-luciano-huck","tag-tata-werneck"],"_links":{"self":[{"href":"https:\/\/maisfm88.com.br\/site\/wp-json\/wp\/v2\/posts\/8364","targetHints":{"allow":["GET"]}}],"collection":[{"href":"https:\/\/maisfm88.com.br\/site\/wp-json\/wp\/v2\/posts"}],"about":[{"href":"https:\/\/maisfm88.com.br\/site\/wp-json\/wp\/v2\/types\/post"}],"author":[{"embeddable":true,"href":"https:\/\/maisfm88.com.br\/site\/wp-json\/wp\/v2\/users\/4"}],"replies":[{"embeddable":true,"href":"https:\/\/maisfm88.com.br\/site\/wp-json\/wp\/v2\/comments?post=8364"}],"version-history":[{"count":1,"href":"https:\/\/maisfm88.com.br\/site\/wp-json\/wp\/v2\/posts\/8364\/revisions"}],"predecessor-version":[{"id":8365,"href":"https:\/\/maisfm88.com.br\/site\/wp-json\/wp\/v2\/posts\/8364\/revisions\/8365"}],"wp:attachment":[{"href":"https:\/\/maisfm88.com.br\/site\/wp-json\/wp\/v2\/media?parent=8364"}],"wp:term":[{"taxonomy":"category","embeddable":true,"href":"https:\/\/maisfm88.com.br\/site\/wp-json\/wp\/v2\/categories?post=8364"},{"taxonomy":"post_tag","embeddable":true,"href":"https:\/\/maisfm88.com.br\/site\/wp-json\/wp\/v2\/tags?post=8364"}],"curies":[{"name":"wp","href":"https:\/\/api.w.org\/{rel}","templated":true}]}}