{"id":8362,"date":"2026-08-30T22:00:32","date_gmt":"2026-08-31T01:00:32","guid":{"rendered":"https:\/\/maisfm88.com.br\/site\/?p=8362"},"modified":"2026-08-30T22:00:32","modified_gmt":"2026-08-31T01:00:32","slug":"isabel-teixeira-emocao-e-talento-no-domingao-com-huck","status":"publish","type":"post","link":"https:\/\/maisfm88.com.br\/site\/isabel-teixeira-emocao-e-talento-no-domingao-com-huck\/","title":{"rendered":"Isabel Teixeira: Emo\u00e7\u00e3o e talento no Doming\u00e3o com Huck"},"content":{"rendered":"<p>A talentosa atriz <strong>Isabel Teixeira<\/strong>, conhecida por sua versatilidade e personagens marcantes na televis\u00e3o brasileira, viveu um momento de profunda emo\u00e7\u00e3o durante sua participa\u00e7\u00e3o no programa <strong>Doming\u00e3o com Huck<\/strong>. Convidada para atuar como jurada art\u00edstica no quadro Dan\u00e7a dos Famosos, a artista foi surpreendida com mensagens carinhosas de sua filha e da apresentadora Tat\u00e1 Werneck, gerando uma onda de como\u00e7\u00e3o no palco e entre os telespectadores.<\/p>\n<h2>Um Momento Inesperado de Afeto<\/h2>\n<p>O programa deste domingo (30) reservou uma surpresa especial para Isabel Teixeira. Em meio \u00e0 sua atua\u00e7\u00e3o como jurada, avaliando as performances dos participantes da Dan\u00e7a dos Famosos, um recado em v\u00eddeo foi exibido, trazendo \u00e0 tona pessoas importantes em sua vida. A emo\u00e7\u00e3o tomou conta da atriz ao ver sua filha e Tat\u00e1 Werneck enviando mensagens de apoio e carinho. A intera\u00e7\u00e3o, que demonstrou o forte la\u00e7o afetivo de Teixeira com sua fam\u00edlia e amigos, arrancou l\u00e1grimas e aplausos calorosos.<\/p>\n<h3>Isabel Teixeira: Uma Trajet\u00f3ria de Sucesso<\/h3>\n<p>Isabel Teixeira construiu uma s\u00f3lida carreira no teatro, cinema e televis\u00e3o, conquistando o p\u00fablico e a cr\u00edtica com sua entrega e talento. Sua participa\u00e7\u00e3o em novelas de grande sucesso, como &#8216;Pantanal&#8217;, onde interpretou a ic\u00f4nica Maria Marru\u00e1, solidificou seu nome como uma das atrizes mais requisitadas do pa\u00eds. A capacidade de transitar entre diferentes g\u00eaneros e personagens, sempre com profundidade e autenticidade, a torna uma figura admirada no meio art\u00edstico.<\/p>\n<h2>Dan\u00e7a dos Famosos: Um Desafio a Mais<\/h2>\n<p>A participa\u00e7\u00e3o de Isabel Teixeira como jurada na Dan\u00e7a dos Famosos n\u00e3o \u00e9 apenas um momento de descontra\u00e7\u00e3o e prest\u00edgio, mas tamb\u00e9m um reflexo de sua conex\u00e3o com as artes em suas diversas manifesta\u00e7\u00f5es. Ao avaliar os competidores, ela demonstra n\u00e3o apenas conhecimento t\u00e9cnico, mas tamb\u00e9m a sensibilidade de quem entende a arte da performance. A emo\u00e7\u00e3o vivenciada com os recados de sua filha e de Tat\u00e1 Werneck adicionou uma camada extra de significado \u00e0 sua presen\u00e7a no programa, conectando sua vida pessoal \u00e0 sua carreira profissional de forma tocante.<\/p>\n<h3>O Impacto da Emo\u00e7\u00e3o no Programa<\/h3>\n<p>Momentos como este, onde a vulnerabilidade e o afeto pessoal de uma figura p\u00fablica v\u00eam \u00e0 tona, criam uma conex\u00e3o mais profunda com o p\u00fablico. A rea\u00e7\u00e3o de Isabel Teixeira \u00e0 surpresa refor\u00e7a sua imagem de artista acess\u00edvel e humana, al\u00e9m de talentosa. O &#8216;Doming\u00e3o com Huck&#8217; tem se destacado por criar quadros e momentos que exploram essas facetas dos convidados, promovendo uma experi\u00eancia televisiva mais rica e emocionante para os telespectadores. A como\u00e7\u00e3o geral no est\u00fadio e nas redes sociais evidenciou o quanto o p\u00fablico se importa e se identifica com a jornada pessoal e profissional de Isabel Teixeira.<\/p>\n<p>A trajet\u00f3ria de Isabel Teixeira \u00e9 marcada por personagens inesquec\u00edveis e uma dedica\u00e7\u00e3o not\u00e1vel \u00e0 arte. Sua presen\u00e7a no &#8216;Doming\u00e3o com Huck&#8217; como jurada, e a emo\u00e7\u00e3o genu\u00edna ao receber mensagens de sua filha e de Tat\u00e1 Werneck, apenas refor\u00e7am o carisma e a import\u00e2ncia da atriz no cen\u00e1rio cultural brasileiro. \u00c9 um lembrete de que, por tr\u00e1s do brilho dos palcos e das telas, existem pessoas com la\u00e7os afetivos fortes e hist\u00f3rias que ressoam com todos n\u00f3s.<\/p>\n","protected":false},"excerpt":{"rendered":"<p>A talentosa atriz Isabel Teixeira, conhecida por sua versatilidade e personagens marcantes na televis\u00e3o brasileira, viveu um momento de profunda emo\u00e7\u00e3o durante sua participa\u00e7\u00e3o no programa Doming\u00e3o com Huck. Convidada para atuar como jurada art\u00edstica no quadro Dan\u00e7a dos Famosos, a artista foi surpreendida com mensagens carinhosas de sua filha e da apresentadora Tat\u00e1 Werneck,&#8230;<\/p>\n","protected":false},"author":4,"featured_media":0,"comment_status":"open","ping_status":"open","sticky":false,"template":"","format":"standard","meta":{"om_disable_all_campaigns":false,"footnotes":""},"categories":[103],"tags":[109,1337,558,562,163],"class_list":["post-8362","post","type-post","status-publish","format-standard","hentry","category-famosos","tag-celebridades","tag-danca-dos-famosos","tag-domingao-com-huck","tag-isabel-teixeira","tag-tata-werneck"],"_links":{"self":[{"href":"https:\/\/maisfm88.com.br\/site\/wp-json\/wp\/v2\/posts\/8362","targetHints":{"allow":["GET"]}}],"collection":[{"href":"https:\/\/maisfm88.com.br\/site\/wp-json\/wp\/v2\/posts"}],"about":[{"href":"https:\/\/maisfm88.com.br\/site\/wp-json\/wp\/v2\/types\/post"}],"author":[{"embeddable":true,"href":"https:\/\/maisfm88.com.br\/site\/wp-json\/wp\/v2\/users\/4"}],"replies":[{"embeddable":true,"href":"https:\/\/maisfm88.com.br\/site\/wp-json\/wp\/v2\/comments?post=8362"}],"version-history":[{"count":1,"href":"https:\/\/maisfm88.com.br\/site\/wp-json\/wp\/v2\/posts\/8362\/revisions"}],"predecessor-version":[{"id":8363,"href":"https:\/\/maisfm88.com.br\/site\/wp-json\/wp\/v2\/posts\/8362\/revisions\/8363"}],"wp:attachment":[{"href":"https:\/\/maisfm88.com.br\/site\/wp-json\/wp\/v2\/media?parent=8362"}],"wp:term":[{"taxonomy":"category","embeddable":true,"href":"https:\/\/maisfm88.com.br\/site\/wp-json\/wp\/v2\/categories?post=8362"},{"taxonomy":"post_tag","embeddable":true,"href":"https:\/\/maisfm88.com.br\/site\/wp-json\/wp\/v2\/tags?post=8362"}],"curies":[{"name":"wp","href":"https:\/\/api.w.org\/{rel}","templated":true}]}}