{"id":8359,"date":"2026-08-30T19:01:32","date_gmt":"2026-08-30T22:01:32","guid":{"rendered":"https:\/\/maisfm88.com.br\/site\/?p=8359"},"modified":"2026-08-30T19:01:32","modified_gmt":"2026-08-30T22:01:32","slug":"dave-grohl-rock-in-rio-dave-grohl-o-icone-do-rock-e-a-volta-triunfal-ao","status":"publish","type":"post","link":"https:\/\/maisfm88.com.br\/site\/dave-grohl-rock-in-rio-dave-grohl-o-icone-do-rock-e-a-volta-triunfal-ao\/","title":{"rendered":"Dave Grohl: O \u00cdcone do Rock e a Volta Triunfal ao Rock in Rio"},"content":{"rendered":"<p>Em um cen\u00e1rio musical onde a longevidade e a autenticidade s\u00e3o cada vez mais valorizadas, <strong>Dave Grohl<\/strong> emerge como uma figura inquestion\u00e1vel. O lend\u00e1rio m\u00fasico, conhecido por sua trajet\u00f3ria impec\u00e1vel que vai desde a bateria do Nirvana at\u00e9 a lideran\u00e7a carism\u00e1tica do Foo Fighters, est\u00e1 de volta aos holofotes com a aguardada performance da sua banda no Rock in Rio. A expectativa para a apresenta\u00e7\u00e3o do Foo Fighters no festival \u00e9 gigantesca, prometendo um espet\u00e1culo de rock puro e energia contagiante. No entanto, a vida de Grohl, como a de muitas celebridades, \u00e9 marcada n\u00e3o apenas por acordes perfeitos, mas tamb\u00e9m por notas mais desafinadoras, com a resson\u00e2ncia de pol\u00eamicas passadas que, vez ou outra, voltam \u00e0 tona.<\/p>\n<h2>A Lenda do Rock Retorna ao Palco Carioca<\/h2>\n<p>A presen\u00e7a do Foo Fighters no Rock in Rio \u00e9 sempre um dos pontos altos do festival. A banda, que j\u00e1 entregou performances memor\u00e1veis em edi\u00e7\u00f5es anteriores, possui uma conex\u00e3o profunda com o p\u00fablico brasileiro, que canta em un\u00edssono cada refr\u00e3o e se entrega \u00e0 intensidade de seus shows. Dave Grohl, em particular, personifica a ess\u00eancia do rock and roll: um artista que vive para a m\u00fasica, que se entrega de corpo e alma em cada nota e que irradia uma paix\u00e3o contagiante. Sua jornada, que come\u00e7ou nas baquetas de uma das bandas mais influentes da hist\u00f3ria e se consolidou como frontman de uma das maiores pot\u00eancias do rock contempor\u00e2neo, \u00e9 um testemunho de talento, resili\u00eancia e uma \u00e9tica de trabalho incans\u00e1vel.<\/p>\n<h3>Dave Grohl: Uma Carreira de Resili\u00eancia e Sucesso Inabal\u00e1vel<\/h3>\n<p>Ap\u00f3s a tr\u00e1gica dissolu\u00e7\u00e3o do Nirvana, muitos se perguntavam qual seria o pr\u00f3ximo passo para Dave Grohl. Longe de se intimidar, ele canalizou sua energia criativa para fundar o Foo Fighters, uma banda que rapidamente conquistou seu pr\u00f3prio espa\u00e7o e se tornou um fen\u00f4meno global. Com hits como &#8216;Everlong&#8217;, &#8216;Learn to Fly&#8217; e &#8216;Best of You&#8217;, o Foo Fighters n\u00e3o apenas honrou o legado de Grohl, mas tamb\u00e9m construiu um novo cap\u00edtulo de sucesso estrondoso. A capacidade de Grohl de se reinventar, de assumir a guitarra e os vocais com a mesma maestria com que dominava a bateria, solidificou sua posi\u00e7\u00e3o como um dos m\u00fasicos mais respeitados e influentes de sua gera\u00e7\u00e3o. Ele \u00e9 um artista completo, cuja autenticidade e carisma transcendem o palco, criando uma legi\u00e3o de f\u00e3s dedicados em todo o mundo.<\/p>\n<h2>Acordes Pessoais: A Pol\u00eamica que Marcou a Trajet\u00f3ria<\/h2>\n<p>Enquanto a carreira de Dave Grohl \u00e9 um desfile de conquistas e aclama\u00e7\u00e3o, sua vida pessoal, como a de qualquer figura p\u00fablica de grande proje\u00e7\u00e3o, tamb\u00e9m j\u00e1 enfrentou seus momentos de escrut\u00ednio. Em determinado per\u00edodo, a imprensa e o p\u00fablico acompanharam uma pol\u00eamica envolvendo o m\u00fasico, com relatos sobre uma suposta trai\u00e7\u00e3o e a exist\u00eancia de uma filha fora do casamento. Esses epis\u00f3dios, embora distantes dos palcos e dos est\u00fadios de grava\u00e7\u00e3o, tornam-se parte da narrativa de uma celebridade, mostrando que, por tr\u00e1s do brilho e do glamour, existem complexidades e desafios humanos. A forma como tais situa\u00e7\u00f5es s\u00e3o abordadas e superadas, ou como s\u00e3o percebidas pelo p\u00fablico, molda a imagem e a trajet\u00f3ria de uma personalidade.<\/p>\n<h3>O Equil\u00edbrio entre a Vida P\u00fablica e Privada de um \u00cdcone<\/h3>\n<p>A constante exposi\u00e7\u00e3o \u00e9 um pre\u00e7o que muitas celebridades pagam pela fama, e Dave Grohl n\u00e3o \u00e9 exce\u00e7\u00e3o. Manter a privacidade em um mundo onde cada passo pode ser documentado e analisado \u00e9 um desafio herc\u00faleo. Para artistas como Grohl, a m\u00fasica muitas vezes serve como um ref\u00fagio, um espa\u00e7o onde a express\u00e3o art\u00edstica pode transcender as turbul\u00eancias pessoais. A habilidade de separar (ou tentar separar) a persona p\u00fablica do indiv\u00edduo \u00e9 crucial para a sanidade e a longevidade em uma ind\u00fastria t\u00e3o exigente. Mesmo quando a vida pessoal se entrela\u00e7a com a profissional, a paix\u00e3o pela arte e o compromisso com os f\u00e3s muitas vezes se tornam a \u00e2ncora que mant\u00e9m a carreira de um \u00edcone firme e relevante.<\/p>\n<h2>A Expectativa para o Rock in Rio<\/h2>\n<p>Com toda a bagagem de uma carreira lend\u00e1ria e uma vida pessoal sob os holofotes, Dave Grohl e o Foo Fighters est\u00e3o prontos para mais uma vez incendiar o palco do Rock in Rio. A expectativa \u00e9 de um show eletrizante, com um repert\u00f3rio repleto de cl\u00e1ssicos que atravessam gera\u00e7\u00f5es e a energia inconfund\u00edvel que s\u00f3 Grohl e sua banda conseguem entregar. Os f\u00e3s brasileiros, conhecidos por sua paix\u00e3o fervorosa, certamente receber\u00e3o o \u00edcone do rock de bra\u00e7os abertos, celebrando n\u00e3o apenas a m\u00fasica, mas tamb\u00e9m a resili\u00eancia de um artista que continua a inspirar e a mover multid\u00f5es.<\/p>\n<p>A volta de Dave Grohl e do Foo Fighters ao Rock in Rio \u00e9 mais do que um show; \u00e9 a reafirma\u00e7\u00e3o de um legado, a celebra\u00e7\u00e3o de uma carreira brilhante e a promessa de momentos inesquec\u00edveis para os amantes do rock. Que venha o festival, e que venham os acordes potentes e as hist\u00f3rias de um dos maiores nomes da m\u00fasica mundial.<\/p>\n","protected":false},"excerpt":{"rendered":"<p>Em um cen\u00e1rio musical onde a longevidade e a autenticidade s\u00e3o cada vez mais valorizadas, Dave Grohl emerge como uma figura inquestion\u00e1vel. O lend\u00e1rio m\u00fasico, conhecido por sua trajet\u00f3ria impec\u00e1vel que vai desde a bateria do Nirvana at\u00e9 a lideran\u00e7a carism\u00e1tica do Foo Fighters, est\u00e1 de volta aos holofotes com a aguardada performance da sua&#8230;<\/p>\n","protected":false},"author":4,"featured_media":8360,"comment_status":"open","ping_status":"open","sticky":false,"template":"","format":"standard","meta":{"om_disable_all_campaigns":false,"footnotes":""},"categories":[103],"tags":[109,1487,1488,213,784],"class_list":["post-8359","post","type-post","status-publish","format-standard","has-post-thumbnail","hentry","category-famosos","tag-celebridades","tag-dave-grohl","tag-foo-fighters","tag-musica","tag-rock-in-rio","have-post-thumb"],"_links":{"self":[{"href":"https:\/\/maisfm88.com.br\/site\/wp-json\/wp\/v2\/posts\/8359","targetHints":{"allow":["GET"]}}],"collection":[{"href":"https:\/\/maisfm88.com.br\/site\/wp-json\/wp\/v2\/posts"}],"about":[{"href":"https:\/\/maisfm88.com.br\/site\/wp-json\/wp\/v2\/types\/post"}],"author":[{"embeddable":true,"href":"https:\/\/maisfm88.com.br\/site\/wp-json\/wp\/v2\/users\/4"}],"replies":[{"embeddable":true,"href":"https:\/\/maisfm88.com.br\/site\/wp-json\/wp\/v2\/comments?post=8359"}],"version-history":[{"count":1,"href":"https:\/\/maisfm88.com.br\/site\/wp-json\/wp\/v2\/posts\/8359\/revisions"}],"predecessor-version":[{"id":8361,"href":"https:\/\/maisfm88.com.br\/site\/wp-json\/wp\/v2\/posts\/8359\/revisions\/8361"}],"wp:featuredmedia":[{"embeddable":true,"href":"https:\/\/maisfm88.com.br\/site\/wp-json\/wp\/v2\/media\/8360"}],"wp:attachment":[{"href":"https:\/\/maisfm88.com.br\/site\/wp-json\/wp\/v2\/media?parent=8359"}],"wp:term":[{"taxonomy":"category","embeddable":true,"href":"https:\/\/maisfm88.com.br\/site\/wp-json\/wp\/v2\/categories?post=8359"},{"taxonomy":"post_tag","embeddable":true,"href":"https:\/\/maisfm88.com.br\/site\/wp-json\/wp\/v2\/tags?post=8359"}],"curies":[{"name":"wp","href":"https:\/\/api.w.org\/{rel}","templated":true}]}}