{"id":8347,"date":"2026-08-30T06:00:25","date_gmt":"2026-08-30T09:00:25","guid":{"rendered":"https:\/\/maisfm88.com.br\/site\/?p=8347"},"modified":"2026-08-30T06:00:25","modified_gmt":"2026-08-30T09:00:25","slug":"dave-grohl-o-rock-in-rio-e-o-legado-do-foo-fighters","status":"publish","type":"post","link":"https:\/\/maisfm88.com.br\/site\/dave-grohl-o-rock-in-rio-e-o-legado-do-foo-fighters\/","title":{"rendered":"Dave Grohl: O Rock in Rio e o Legado do Foo Fighters"},"content":{"rendered":"<p>A expectativa para o retorno do Foo Fighters ao palco do Rock in Rio 2026 \u00e9 palp\u00e1vel, e com ela, as aten\u00e7\u00f5es se voltam para a figura ic\u00f4nica de seu l\u00edder, Dave Grohl. Conhecido por sua energia contagiante e uma carreira musical que atravessa d\u00e9cadas, Grohl \u00e9 um dos nomes mais respeitados do rock mundial. Sua rela\u00e7\u00e3o com o Brasil e, em particular, com o festival carioca, \u00e9 marcada por momentos memor\u00e1veis e, por vezes, por pol\u00eamicas que apenas adicionam camadas \u00e0 sua trajet\u00f3ria.<\/p>\n<h2>Um \u00cdcone do Rock e sua Conex\u00e3o com o Brasil<\/h2>\n<p>Dave Grohl n\u00e3o \u00e9 apenas o vocalista e guitarrista do Foo Fighters; ele \u00e9 uma lenda viva do rock. Sua jornada musical come\u00e7ou com o Nirvana, banda que redefiniu o grunge e deixou uma marca indel\u00e9vel na hist\u00f3ria da m\u00fasica. Ap\u00f3s a tr\u00e1gica perda de Kurt Cobain, Grohl emergiu como um l\u00edder carism\u00e1tico, fundando o Foo Fighters e construindo uma discografia repleta de sucessos que atravessam gera\u00e7\u00f5es. Can\u00e7\u00f5es como &#8220;Everlong&#8221;, &#8220;The Pretender&#8221; e &#8220;My Hero&#8221; se tornaram hinos para milh\u00f5es de f\u00e3s ao redor do globo.<\/p>\n<p>A liga\u00e7\u00e3o de Grohl com o Brasil \u00e9 antiga e afetuosa. O Rock in Rio tem sido palco de apresenta\u00e7\u00f5es hist\u00f3ricas do Foo Fighters, e a energia vibrante do p\u00fablico brasileiro sempre parece ter um efeito especial sobre a banda. O festival de 2026 promete ser mais um cap\u00edtulo dessa hist\u00f3ria, com a banda liderada por Grohl pronta para entregar um show inesquec\u00edvel.<\/p>\n<h3>Pol\u00eamicas e o Lado Humano de Dave Grohl<\/h3>\n<p>A vida de uma figura p\u00fablica t\u00e3o proeminente quanto Dave Grohl inevitavelmente atrai holofotes, e nem sempre de forma positiva. Recentemente, not\u00edcias sobre uma suposta pol\u00eamica envolvendo seu casamento e a rela\u00e7\u00e3o com a filha circularam, adicionando um tempero de drama pessoal \u00e0 sua imagem p\u00fablica. Embora detalhes espec\u00edficos sobre quest\u00f5es familiares sejam geralmente mantidos em privado, a exposi\u00e7\u00e3o p\u00fablica de tais situa\u00e7\u00f5es, mesmo que indiretamente, faz parte do universo das celebridades.<\/p>\n<p>Grohl, no entanto, tem demonstrado uma resili\u00eancia not\u00e1vel em sua carreira. Ele j\u00e1 enfrentou momentos dif\u00edceis, como a perda de amigos e colegas de banda, e sempre encontrou na m\u00fasica uma forma de seguir em frente e se reconectar com seus f\u00e3s. Sua capacidade de transformar dor e adversidade em arte \u00e9 uma de suas caracter\u00edsticas mais admiradas.<\/p>\n<h2>O Legado do Foo Fighters e o Futuro no Rock in Rio<\/h2>\n<p>O Foo Fighters, sob a lideran\u00e7a de Dave Grohl, consolidou-se como uma das maiores bandas de rock do mundo. Com uma carreira de mais de duas d\u00e9cadas, a banda coleciona pr\u00eamios Grammy, \u00e1lbuns de platina e uma legi\u00e3o de f\u00e3s fi\u00e9is. A energia crua e a paix\u00e3o pela m\u00fasica s\u00e3o marcas registradas de suas performances ao vivo, e o Rock in Rio 2026 n\u00e3o ser\u00e1 exce\u00e7\u00e3o.<\/p>\n<p>O festival, que tem uma hist\u00f3ria rica e significativa para o rock brasileiro e mundial, recebe novamente o Foo Fighters em um momento em que a banda continua a evoluir e a inspirar. A expectativa \u00e9 que o show de Dave Grohl e seus companheiros de banda seja um dos pontos altos do evento, reafirmando o poder do rock em unir pessoas e celebrar a vida atrav\u00e9s da m\u00fasica.<\/p>\n<p>A volta de Dave Grohl ao palco do Rock in Rio \u00e9 um lembrete de sua import\u00e2ncia duradoura na ind\u00fastria musical. Seja pelas can\u00e7\u00f5es que tocam a alma, pela energia inesgot\u00e1vel no palco ou pela resili\u00eancia diante das adversidades, Grohl \u00e9 um artista que transcende gera\u00e7\u00f5es e continua a ser uma for\u00e7a motriz no cen\u00e1rio do rock.<\/p>\n","protected":false},"excerpt":{"rendered":"<p>A expectativa para o retorno do Foo Fighters ao palco do Rock in Rio 2026 \u00e9 palp\u00e1vel, e com ela, as aten\u00e7\u00f5es se voltam para a figura ic\u00f4nica de seu l\u00edder, Dave Grohl. Conhecido por sua energia contagiante e uma carreira musical que atravessa d\u00e9cadas, Grohl \u00e9 um dos nomes mais respeitados do rock mundial&#8230;.<\/p>\n","protected":false},"author":4,"featured_media":8348,"comment_status":"open","ping_status":"open","sticky":false,"template":"","format":"standard","meta":{"om_disable_all_campaigns":false,"footnotes":""},"categories":[103],"tags":[1487,1488,213,1490,784],"class_list":["post-8347","post","type-post","status-publish","format-standard","has-post-thumbnail","hentry","category-famosos","tag-dave-grohl","tag-foo-fighters","tag-musica","tag-rock","tag-rock-in-rio","have-post-thumb"],"_links":{"self":[{"href":"https:\/\/maisfm88.com.br\/site\/wp-json\/wp\/v2\/posts\/8347","targetHints":{"allow":["GET"]}}],"collection":[{"href":"https:\/\/maisfm88.com.br\/site\/wp-json\/wp\/v2\/posts"}],"about":[{"href":"https:\/\/maisfm88.com.br\/site\/wp-json\/wp\/v2\/types\/post"}],"author":[{"embeddable":true,"href":"https:\/\/maisfm88.com.br\/site\/wp-json\/wp\/v2\/users\/4"}],"replies":[{"embeddable":true,"href":"https:\/\/maisfm88.com.br\/site\/wp-json\/wp\/v2\/comments?post=8347"}],"version-history":[{"count":1,"href":"https:\/\/maisfm88.com.br\/site\/wp-json\/wp\/v2\/posts\/8347\/revisions"}],"predecessor-version":[{"id":8349,"href":"https:\/\/maisfm88.com.br\/site\/wp-json\/wp\/v2\/posts\/8347\/revisions\/8349"}],"wp:featuredmedia":[{"embeddable":true,"href":"https:\/\/maisfm88.com.br\/site\/wp-json\/wp\/v2\/media\/8348"}],"wp:attachment":[{"href":"https:\/\/maisfm88.com.br\/site\/wp-json\/wp\/v2\/media?parent=8347"}],"wp:term":[{"taxonomy":"category","embeddable":true,"href":"https:\/\/maisfm88.com.br\/site\/wp-json\/wp\/v2\/categories?post=8347"},{"taxonomy":"post_tag","embeddable":true,"href":"https:\/\/maisfm88.com.br\/site\/wp-json\/wp\/v2\/tags?post=8347"}],"curies":[{"name":"wp","href":"https:\/\/api.w.org\/{rel}","templated":true}]}}