{"id":6841,"date":"2026-05-02T19:08:18","date_gmt":"2026-05-02T22:08:18","guid":{"rendered":"https:\/\/maisfm88.com.br\/site\/?p=6841"},"modified":"2026-05-02T19:08:18","modified_gmt":"2026-05-02T22:08:18","slug":"lucelia-santos-brilha-em-rara-aparicao-ao-lado-do-filho","status":"publish","type":"post","link":"https:\/\/maisfm88.com.br\/site\/lucelia-santos-brilha-em-rara-aparicao-ao-lado-do-filho\/","title":{"rendered":"Luc\u00e9lia Santos Brilha em Rara Apari\u00e7\u00e3o ao Lado do Filho"},"content":{"rendered":"<p>Em um cen\u00e1rio onde a vida p\u00fablica das celebridades \u00e9 constantemente exposta, certas apari\u00e7\u00f5es ganham um brilho especial, justamente pela sua singularidade. Foi o que aconteceu recentemente com a lend\u00e1ria atriz <strong>Luc\u00e9lia Santos<\/strong>, que fez uma de suas raras e mais emocionantes apari\u00e7\u00f5es p\u00fablicas para prestigiar um evento de grande import\u00e2ncia pessoal: a pe\u00e7a teatral dirigida por seu filho, o tamb\u00e9m ator e diretor Pedro Neschling. O momento, carregado de afeto e orgulho, reacendeu a mem\u00f3ria de uma das maiores estrelas da teledramaturgia brasileira e celebrou a continuidade do talento art\u00edstico em sua fam\u00edlia.<\/p>\n<h2>Um \u00cdcone da Teledramaturgia Brasileira<\/h2>\n<p>Para as gera\u00e7\u00f5es mais jovens, o nome Luc\u00e9lia Santos pode n\u00e3o soar t\u00e3o imediatamente familiar quanto para aqueles que acompanharam a televis\u00e3o brasileira nas d\u00e9cadas de 70 e 80. No entanto, sua contribui\u00e7\u00e3o para a cultura nacional e internacional \u00e9 ineg\u00e1vel e monumental. Luc\u00e9lia se tornou um fen\u00f4meno global ao protagonizar a novela \u201cEscrava Isaura\u201d, em 1976. A trama, baseada no romance abolicionista de Bernardo Guimar\u00e3es, foi exportada para mais de 80 pa\u00edses, tornando-se um marco na hist\u00f3ria da televis\u00e3o e transformando Luc\u00e9lia em uma estrela reconhecida em continentes como a \u00c1sia, \u00c1frica e Europa Oriental.<\/p>\n<p>Sua interpreta\u00e7\u00e3o da doce e sofrida Isaura abriu portas para a teledramaturgia brasileira no mercado internacional e solidificou sua carreira no Brasil, onde emplacou diversos outros sucessos em novelas como \u201cCiranda de Pedra\u201d, \u201cGuerra dos Sexos\u201d e \u201cCarmem\u201d. Al\u00e9m de sua prol\u00edfica carreira na televis\u00e3o, Luc\u00e9lia Santos tamb\u00e9m deixou sua marca no cinema e no teatro, demonstrando uma versatilidade e um talento que a consagram como uma das grandes damas das artes c\u00eanicas brasileiras. Sua imagem sempre esteve associada a pap\u00e9is marcantes e a uma presen\u00e7a forte, tanto na tela quanto fora dela, onde tamb\u00e9m se engajou em causas sociais e ambientais.<\/p>\n<h2>O Orgulho Materno no Palco<\/h2>\n<p>A recente apari\u00e7\u00e3o de Luc\u00e9lia Santos, contudo, n\u00e3o foi motivada por um novo projeto seu, mas sim por um de seus maiores orgulhos: o trabalho de seu filho, Pedro Neschling. A atriz compareceu a uma das sess\u00f5es da pe\u00e7a teatral dirigida por Pedro, demonstrando publicamente seu apoio e admira\u00e7\u00e3o. Este tipo de momento \u00e9 particularmente significativo para os f\u00e3s, pois Luc\u00e9lia tem optado por uma vida mais reservada nos \u00faltimos anos, dedicando-se a outros interesses e diminuindo sua frequ\u00eancia em eventos sociais e art\u00edsticos.<\/p>\n<p>A presen\u00e7a da atriz no teatro, portanto, ressalta a import\u00e2ncia do evento para ela e a profundidade de seu v\u00ednculo com o filho. Ver uma m\u00e3e t\u00e3o ic\u00f4nica celebrando o sucesso e o talento de seu filho no mesmo meio art\u00edstico \u00e9 um testemunho do amor incondicional e da paix\u00e3o compartilhada pelas artes. Foi uma noite de celebra\u00e7\u00e3o do talento familiar, onde o legado de Luc\u00e9lia se entrela\u00e7a com a nova gera\u00e7\u00e3o de artistas.<\/p>\n<h2>Pedro Neschling: Seguindo os Passos com Identidade Pr\u00f3pria<\/h2>\n<p>Pedro Neschling, fruto do casamento de Luc\u00e9lia Santos com o maestro e compositor John Neschling, construiu sua pr\u00f3pria trajet\u00f3ria no universo art\u00edstico. Ator, roteirista e agora diretor teatral, Pedro demonstrou desde cedo ter herdado o talento e a paix\u00e3o pela arte. Ele iniciou sua carreira na televis\u00e3o, participando de novelas de sucesso como \u201cDa Cor do Pecado\u201d e \u201cFloribella\u201d, e tamb\u00e9m atuou em filmes e pe\u00e7as teatrais.<\/p>\n<p>Ao longo dos anos, Pedro Neschling tem se dedicado a expandir seus horizontes criativos, aventurando-se na escrita de roteiros e na dire\u00e7\u00e3o. Sua incurs\u00e3o no teatro como diretor \u00e9 mais um passo em sua evolu\u00e7\u00e3o art\u00edstica, mostrando sua capacidade de transitar por diferentes fun\u00e7\u00f5es e deixar sua pr\u00f3pria marca. O fato de sua m\u00e3e, uma lenda viva da atua\u00e7\u00e3o, estar presente e o aplaudir de p\u00e9 em seu novo desafio, \u00e9 um selo de aprova\u00e7\u00e3o e um reconhecimento que, sem d\u00favida, enche Pedro de ainda mais motiva\u00e7\u00e3o e alegria.<\/p>\n<h2>Uma Conex\u00e3o que Transcende Gera\u00e7\u00f5es<\/h2>\n<p>A rela\u00e7\u00e3o entre Luc\u00e9lia Santos e Pedro Neschling \u00e9 um belo exemplo de como o amor e o apoio familiar podem florescer no ambiente art\u00edstico. Luc\u00e9lia sempre foi uma figura presente na vida e na carreira de Pedro, incentivando-o a seguir seus pr\u00f3prios caminhos e a desenvolver sua identidade art\u00edstica. Este momento de rara apari\u00e7\u00e3o p\u00fablica para aplaudir o filho refor\u00e7a a imagem de Luc\u00e9lia n\u00e3o apenas como uma grande atriz, mas tamb\u00e9m como uma m\u00e3e dedicada e orgulhosa.<\/p>\n<p>A cena de Luc\u00e9lia Santos no teatro, com um sorriso largo e olhos brilhando de emo\u00e7\u00e3o, \u00e9 um lembrete de que, por tr\u00e1s dos holofotes e da fama, existem la\u00e7os familiares que s\u00e3o a verdadeira ess\u00eancia da vida. Em um mundo de celebridades muitas vezes focado em pol\u00eamicas e exposi\u00e7\u00f5es exageradas, a simplicidade e a genuinidade deste encontro entre m\u00e3e e filho, celebrando a arte e o talento, oferecem uma perspectiva refrescante e inspiradora. \u00c9 a prova de que o legado de uma artista pode ser perpetuado n\u00e3o apenas por suas obras, mas tamb\u00e9m pela paix\u00e3o que ela inspira e pelos frutos que cultiva em sua pr\u00f3pria fam\u00edlia.<\/p>\n","protected":false},"excerpt":{"rendered":"<p>Em um cen\u00e1rio onde a vida p\u00fablica das celebridades \u00e9 constantemente exposta, certas apari\u00e7\u00f5es ganham um brilho especial, justamente pela sua singularidade. Foi o que aconteceu recentemente com a lend\u00e1ria atriz Luc\u00e9lia Santos, que fez uma de suas raras e mais emocionantes apari\u00e7\u00f5es p\u00fablicas para prestigiar um evento de grande import\u00e2ncia pessoal: a pe\u00e7a teatral&#8230;<\/p>\n","protected":false},"author":4,"featured_media":0,"comment_status":"open","ping_status":"open","sticky":false,"template":"","format":"standard","meta":{"om_disable_all_campaigns":false,"footnotes":""},"categories":[103],"tags":[109,320,323,321,322],"class_list":["post-6841","post","type-post","status-publish","format-standard","hentry","category-famosos","tag-celebridades","tag-lucelia-santos","tag-novelas","tag-pedro-neschling","tag-teatro"],"_links":{"self":[{"href":"https:\/\/maisfm88.com.br\/site\/wp-json\/wp\/v2\/posts\/6841","targetHints":{"allow":["GET"]}}],"collection":[{"href":"https:\/\/maisfm88.com.br\/site\/wp-json\/wp\/v2\/posts"}],"about":[{"href":"https:\/\/maisfm88.com.br\/site\/wp-json\/wp\/v2\/types\/post"}],"author":[{"embeddable":true,"href":"https:\/\/maisfm88.com.br\/site\/wp-json\/wp\/v2\/users\/4"}],"replies":[{"embeddable":true,"href":"https:\/\/maisfm88.com.br\/site\/wp-json\/wp\/v2\/comments?post=6841"}],"version-history":[{"count":1,"href":"https:\/\/maisfm88.com.br\/site\/wp-json\/wp\/v2\/posts\/6841\/revisions"}],"predecessor-version":[{"id":6842,"href":"https:\/\/maisfm88.com.br\/site\/wp-json\/wp\/v2\/posts\/6841\/revisions\/6842"}],"wp:attachment":[{"href":"https:\/\/maisfm88.com.br\/site\/wp-json\/wp\/v2\/media?parent=6841"}],"wp:term":[{"taxonomy":"category","embeddable":true,"href":"https:\/\/maisfm88.com.br\/site\/wp-json\/wp\/v2\/categories?post=6841"},{"taxonomy":"post_tag","embeddable":true,"href":"https:\/\/maisfm88.com.br\/site\/wp-json\/wp\/v2\/tags?post=6841"}],"curies":[{"name":"wp","href":"https:\/\/api.w.org\/{rel}","templated":true}]}}