{"id":6804,"date":"2026-04-30T09:05:18","date_gmt":"2026-04-30T12:05:18","guid":{"rendered":"https:\/\/maisfm88.com.br\/site\/?p=6804"},"modified":"2026-04-30T09:05:18","modified_gmt":"2026-04-30T12:05:18","slug":"iza-revoluciona-o-corpo-pos-parto-com-foco-em-saude-e","status":"publish","type":"post","link":"https:\/\/maisfm88.com.br\/site\/iza-revoluciona-o-corpo-pos-parto-com-foco-em-saude-e\/","title":{"rendered":"IZA revoluciona o corpo p\u00f3s-parto com foco em sa\u00fade e bem-estar"},"content":{"rendered":"<h2>IZA Transforma Corpo e Recupera Sa\u00fade P\u00f3s-Parto com Treinamento Especializado<\/h2>\n<p>A cantora <strong>IZA<\/strong>, conhecida por sua voz potente e presen\u00e7a de palco magn\u00e9tica, tem inspirado seus seguidores n\u00e3o apenas na m\u00fasica, mas tamb\u00e9m em sua jornada de recupera\u00e7\u00e3o p\u00f3s-parto. Recentemente, a artista compartilhou detalhes de sua rotina de exerc\u00edcios focada na cura da di\u00e1stase abdominal, um tema que ressoa com muitas mulheres que vivenciam a maternidade. A recupera\u00e7\u00e3o da cantora tem sido acompanhada de perto pelo p\u00fablico, que admira sua dedica\u00e7\u00e3o \u00e0 sa\u00fade e ao bem-estar.<\/p>\n<h3>O Que \u00e9 Di\u00e1stase Abdominal e Por Que a Recupera\u00e7\u00e3o \u00e9 Importante?<\/h3>\n<p>A di\u00e1stase abdominal \u00e9 uma condi\u00e7\u00e3o comum que ocorre quando os m\u00fasculos retos abdominais se separam, geralmente devido ao estiramento durante a gravidez. Embora seja uma consequ\u00eancia natural da gesta\u00e7\u00e3o, a di\u00e1stase pode levar a dores lombares, problemas de postura e instabilidade do core. A recupera\u00e7\u00e3o eficaz envolve exerc\u00edcios espec\u00edficos que visam fortalecer os m\u00fasculos profundos do abd\u00f4men, como o transverso abdominal, e o assoalho p\u00e9lvico. \u00c9 um processo que exige paci\u00eancia, acompanhamento profissional e um plano de reabilita\u00e7\u00e3o adequado, focado na sa\u00fade a longo prazo e n\u00e3o apenas na est\u00e9tica.<\/p>\n<h3>IZA e o Papel do Personal Trainer na Recupera\u00e7\u00e3o<\/h3>\n<p>No caso de IZA, a orienta\u00e7\u00e3o de um personal trainer tem sido fundamental. O profissional respons\u00e1vel por sua reabilita\u00e7\u00e3o explicou que o foco principal n\u00e3o \u00e9 a est\u00e9tica, mas sim a funcionalidade e a sa\u00fade da artista. O programa de exerc\u00edcios foi cuidadosamente elaborado para respeitar o tempo de recupera\u00e7\u00e3o do corpo, promovendo o fortalecimento gradual e seguro. Essa abordagem personalizada \u00e9 crucial para evitar les\u00f5es e garantir que a recupera\u00e7\u00e3o seja completa e duradoura. A transpar\u00eancia de IZA ao compartilhar essa fase \u00edntima de sua vida demonstra coragem e serve de exemplo para muitas mulheres que enfrentam desafios semelhantes ap\u00f3s o parto.<\/p>\n<h3>Um Novo Olhar Sobre o Corpo P\u00f3s-Maternidade<\/h3>\n<p>A jornada de IZA refor\u00e7a a import\u00e2ncia de desmistificar a recupera\u00e7\u00e3o p\u00f3s-parto e promover uma vis\u00e3o mais realista e compassiva sobre o corpo feminino. Muitas vezes, a press\u00e3o social por um retorno r\u00e1pido \u00e0 forma f\u00edsica anterior \u00e0 gravidez pode ser prejudicial. A cantora, ao priorizar sua sa\u00fade e bem-estar, mostra que o corpo p\u00f3s-maternidade \u00e9 forte e capaz, e que a recupera\u00e7\u00e3o \u00e9 uma fase de redescoberta e fortalecimento. O processo de cura da di\u00e1stase, quando bem conduzido, pode resultar em um core mais forte e resiliente do que antes da gravidez.<\/p>\n<h3>Impacto e Inspira\u00e7\u00e3o para o P\u00fablico<\/h3>\n<p>Ao compartilhar sua experi\u00eancia, IZA n\u00e3o apenas educa seu p\u00fablico sobre a di\u00e1stase abdominal e a import\u00e2ncia da reabilita\u00e7\u00e3o p\u00f3s-parto, mas tamb\u00e9m inspira outras m\u00e3es a buscarem o cuidado necess\u00e1rio para seus corpos. A visibilidade que a artista confere a este tema \u00e9 valiosa, incentivando conversas abertas e o compartilhamento de experi\u00eancias entre mulheres. Sua atitude refor\u00e7a a ideia de que cuidar da sa\u00fade ap\u00f3s a maternidade \u00e9 um ato de amor pr\u00f3prio e de empoderamento.<\/p>\n<p>A carreira de IZA \u00e9 marcada por sucessos estrondosos na m\u00fasica, mas sua postura como mulher e m\u00e3e, compartilhando aspectos t\u00e3o pessoais de sua vida, adiciona uma nova camada de admira\u00e7\u00e3o. Sua dedica\u00e7\u00e3o em se recuperar de forma saud\u00e1vel e consciente, com o apoio de profissionais qualificados, \u00e9 um testemunho de sua for\u00e7a e determina\u00e7\u00e3o. A cantora continua a trilhar seu caminho, mostrando que \u00e9 poss\u00edvel conciliar a carreira art\u00edstica de alta performance com as demandas e transforma\u00e7\u00f5es da maternidade, sempre com foco na sa\u00fade e no bem-estar integral.<\/p>\n","protected":false},"excerpt":{"rendered":"<p>IZA Transforma Corpo e Recupera Sa\u00fade P\u00f3s-Parto com Treinamento Especializado A cantora IZA, conhecida por sua voz potente e presen\u00e7a de palco magn\u00e9tica, tem inspirado seus seguidores n\u00e3o apenas na m\u00fasica, mas tamb\u00e9m em sua jornada de recupera\u00e7\u00e3o p\u00f3s-parto. Recentemente, a artista compartilhou detalhes de sua rotina de exerc\u00edcios focada na cura da di\u00e1stase abdominal,&#8230;<\/p>\n","protected":false},"author":4,"featured_media":6805,"comment_status":"open","ping_status":"open","sticky":false,"template":"","format":"standard","meta":{"om_disable_all_campaigns":false,"footnotes":""},"categories":[103],"tags":[127,279,278,248,125],"class_list":["post-6804","post","type-post","status-publish","format-standard","has-post-thumbnail","hentry","category-famosos","tag-bem-estar","tag-diastase-abdominal","tag-iza","tag-maternidade","tag-saude","have-post-thumb"],"_links":{"self":[{"href":"https:\/\/maisfm88.com.br\/site\/wp-json\/wp\/v2\/posts\/6804","targetHints":{"allow":["GET"]}}],"collection":[{"href":"https:\/\/maisfm88.com.br\/site\/wp-json\/wp\/v2\/posts"}],"about":[{"href":"https:\/\/maisfm88.com.br\/site\/wp-json\/wp\/v2\/types\/post"}],"author":[{"embeddable":true,"href":"https:\/\/maisfm88.com.br\/site\/wp-json\/wp\/v2\/users\/4"}],"replies":[{"embeddable":true,"href":"https:\/\/maisfm88.com.br\/site\/wp-json\/wp\/v2\/comments?post=6804"}],"version-history":[{"count":1,"href":"https:\/\/maisfm88.com.br\/site\/wp-json\/wp\/v2\/posts\/6804\/revisions"}],"predecessor-version":[{"id":6806,"href":"https:\/\/maisfm88.com.br\/site\/wp-json\/wp\/v2\/posts\/6804\/revisions\/6806"}],"wp:featuredmedia":[{"embeddable":true,"href":"https:\/\/maisfm88.com.br\/site\/wp-json\/wp\/v2\/media\/6805"}],"wp:attachment":[{"href":"https:\/\/maisfm88.com.br\/site\/wp-json\/wp\/v2\/media?parent=6804"}],"wp:term":[{"taxonomy":"category","embeddable":true,"href":"https:\/\/maisfm88.com.br\/site\/wp-json\/wp\/v2\/categories?post=6804"},{"taxonomy":"post_tag","embeddable":true,"href":"https:\/\/maisfm88.com.br\/site\/wp-json\/wp\/v2\/tags?post=6804"}],"curies":[{"name":"wp","href":"https:\/\/api.w.org\/{rel}","templated":true}]}}