{"id":6801,"date":"2026-04-30T06:01:44","date_gmt":"2026-04-30T09:01:44","guid":{"rendered":"https:\/\/maisfm88.com.br\/site\/?p=6801"},"modified":"2026-04-30T06:01:44","modified_gmt":"2026-04-30T09:01:44","slug":"iza-revoluciona-com-treino-pos-parto-e-inspira-maes","status":"publish","type":"post","link":"https:\/\/maisfm88.com.br\/site\/iza-revoluciona-com-treino-pos-parto-e-inspira-maes\/","title":{"rendered":"IZA revoluciona com treino p\u00f3s-parto e inspira m\u00e3es"},"content":{"rendered":"<h2>IZA Compartilha Jornada de Recupera\u00e7\u00e3o P\u00f3s-Parto e Motiva F\u00e3s<\/h2>\n<p>A cantora IZA tem se mostrado uma fonte de inspira\u00e7\u00e3o n\u00e3o apenas pela sua voz poderosa e presen\u00e7a de palco arrebatadora, mas tamb\u00e9m por sua autenticidade e transpar\u00eancia em rela\u00e7\u00e3o \u00e0 maternidade. Recentemente, a artista compartilhou detalhes de sua recupera\u00e7\u00e3o f\u00edsica ap\u00f3s dar \u00e0 luz sua primeira filha, a pequena Isabella, fruto de seu relacionamento com o jogador de futebol Yuri Lima. A jornada de IZA tem focado na cura da di\u00e1stase abdominal, um tema comum entre muitas mulheres ap\u00f3s a gravidez, e sua abordagem tem gerado grande repercuss\u00e3o e admira\u00e7\u00e3o.<\/p>\n<h3>O Desafio da Di\u00e1stase Abdominal<\/h3>\n<p>A di\u00e1stase abdominal \u00e9 a separa\u00e7\u00e3o dos m\u00fasculos retos do abd\u00f4men, uma condi\u00e7\u00e3o que pode ocorrer durante a gravidez devido ao crescimento do \u00fatero e \u00e0 a\u00e7\u00e3o hormonal. Embora seja comum, a recupera\u00e7\u00e3o pode ser um processo desafiador e, muitas vezes, doloroso. IZA, com sua caracter\u00edstica determina\u00e7\u00e3o, decidiu enfrentar essa quest\u00e3o de frente, buscando orienta\u00e7\u00e3o profissional e compartilhando seu progresso com seus seguidores. A cantora tem mostrado em suas redes sociais os exerc\u00edcios espec\u00edficos que t\u00eam auxiliado na recupera\u00e7\u00e3o, transformando seu corpo e sua sa\u00fade.<\/p>\n<h3>O Papel do Treinamento Espec\u00edfico<\/h3>\n<p>Segundo o personal trainer de IZA, os exerc\u00edcios focam em fortalecer o core de maneira progressiva e segura, respeitando o tempo de recupera\u00e7\u00e3o do corpo p\u00f3s-parto. A \u00eanfase est\u00e1 em exerc\u00edcios de baixo impacto que visam reconectar os m\u00fasculos abdominais sem gerar press\u00e3o excessiva. O profissional ressaltou a import\u00e2ncia de um acompanhamento individualizado, pois cada corpo reage de forma diferente e o per\u00edodo p\u00f3s-parto exige cuidados redobrados. A dedica\u00e7\u00e3o de IZA aos treinos, mesmo com a rotina intensa de uma artista e m\u00e3e recente, \u00e9 um testemunho de sua disciplina e compromisso com o bem-estar.<\/p>\n<h3>Inspira\u00e7\u00e3o para Mulheres e M\u00e3es<\/h3>\n<p>A iniciativa de IZA em falar abertamente sobre a di\u00e1stase e sua recupera\u00e7\u00e3o tem encorajado in\u00fameras mulheres a buscarem informa\u00e7\u00e3o e tratamento. Nas redes sociais, a cantora tem recebido uma enxurrada de mensagens de apoio e relatos de outras m\u00e3es que se identificam com sua experi\u00eancia. A exposi\u00e7\u00e3o desse tema, muitas vezes tratado com receio ou desconhecimento, por uma figura p\u00fablica t\u00e3o influente como IZA, contribui para desmistificar a recupera\u00e7\u00e3o p\u00f3s-parto e normalizar as mudan\u00e7as que o corpo feminino atravessa. A artista n\u00e3o apenas mostra a transforma\u00e7\u00e3o f\u00edsica, mas tamb\u00e9m a for\u00e7a mental e emocional envolvida nesse processo, servindo como um farol de esperan\u00e7a e motiva\u00e7\u00e3o.<\/p>\n<h3>Carreira Musical e Maternidade em Harmonia<\/h3>\n<p>Enquanto se dedica \u00e0 recupera\u00e7\u00e3o e \u00e0 maternidade, IZA n\u00e3o deixa de lado sua brilhante carreira musical. A cantora tem conciliado os cuidados com a filha Isabella e os compromissos profissionais, demonstrando uma impressionante capacidade de gerenciar as diferentes esferas de sua vida. Recentemente, ela celebrou o sucesso de suas apresenta\u00e7\u00f5es e o carinho do p\u00fablico, que acompanha de perto sua evolu\u00e7\u00e3o. A nova fase da vida de IZA, marcada pela maternidade, parece ter adicionado ainda mais brilho e profundidade \u00e0 sua arte, refletindo em suas performances e em sua conex\u00e3o com os f\u00e3s.<\/p>\n<p>A jornada de IZA \u00e9 um lembrete poderoso de que a for\u00e7a feminina se manifesta de diversas formas. Seja nos palcos, com sua energia contagiante, seja em casa, com a dedica\u00e7\u00e3o \u00e0 sua fam\u00edlia e ao seu bem-estar, a cantora continua a inspirar e a quebrar barreiras, mostrando que \u00e9 poss\u00edvel unir carreira, maternidade e autocuidado com sucesso e autenticidade.<\/p>\n","protected":false},"excerpt":{"rendered":"<p>IZA Compartilha Jornada de Recupera\u00e7\u00e3o P\u00f3s-Parto e Motiva F\u00e3s A cantora IZA tem se mostrado uma fonte de inspira\u00e7\u00e3o n\u00e3o apenas pela sua voz poderosa e presen\u00e7a de palco arrebatadora, mas tamb\u00e9m por sua autenticidade e transpar\u00eancia em rela\u00e7\u00e3o \u00e0 maternidade. Recentemente, a artista compartilhou detalhes de sua recupera\u00e7\u00e3o f\u00edsica ap\u00f3s dar \u00e0 luz sua&#8230;<\/p>\n","protected":false},"author":4,"featured_media":6802,"comment_status":"open","ping_status":"open","sticky":false,"template":"","format":"standard","meta":{"om_disable_all_campaigns":false,"footnotes":""},"categories":[103],"tags":[127,279,278,248,280],"class_list":["post-6801","post","type-post","status-publish","format-standard","has-post-thumbnail","hentry","category-famosos","tag-bem-estar","tag-diastase-abdominal","tag-iza","tag-maternidade","tag-recuperacao-pos-parto","have-post-thumb"],"_links":{"self":[{"href":"https:\/\/maisfm88.com.br\/site\/wp-json\/wp\/v2\/posts\/6801","targetHints":{"allow":["GET"]}}],"collection":[{"href":"https:\/\/maisfm88.com.br\/site\/wp-json\/wp\/v2\/posts"}],"about":[{"href":"https:\/\/maisfm88.com.br\/site\/wp-json\/wp\/v2\/types\/post"}],"author":[{"embeddable":true,"href":"https:\/\/maisfm88.com.br\/site\/wp-json\/wp\/v2\/users\/4"}],"replies":[{"embeddable":true,"href":"https:\/\/maisfm88.com.br\/site\/wp-json\/wp\/v2\/comments?post=6801"}],"version-history":[{"count":1,"href":"https:\/\/maisfm88.com.br\/site\/wp-json\/wp\/v2\/posts\/6801\/revisions"}],"predecessor-version":[{"id":6803,"href":"https:\/\/maisfm88.com.br\/site\/wp-json\/wp\/v2\/posts\/6801\/revisions\/6803"}],"wp:featuredmedia":[{"embeddable":true,"href":"https:\/\/maisfm88.com.br\/site\/wp-json\/wp\/v2\/media\/6802"}],"wp:attachment":[{"href":"https:\/\/maisfm88.com.br\/site\/wp-json\/wp\/v2\/media?parent=6801"}],"wp:term":[{"taxonomy":"category","embeddable":true,"href":"https:\/\/maisfm88.com.br\/site\/wp-json\/wp\/v2\/categories?post=6801"},{"taxonomy":"post_tag","embeddable":true,"href":"https:\/\/maisfm88.com.br\/site\/wp-json\/wp\/v2\/tags?post=6801"}],"curies":[{"name":"wp","href":"https:\/\/api.w.org\/{rel}","templated":true}]}}