{"id":6796,"date":"2026-04-29T19:01:24","date_gmt":"2026-04-29T22:01:24","guid":{"rendered":"https:\/\/maisfm88.com.br\/site\/?p=6796"},"modified":"2026-04-29T19:01:24","modified_gmt":"2026-04-29T22:01:24","slug":"whindersson-nunes-a-jornada-de-superacao-e-saude-mental","status":"publish","type":"post","link":"https:\/\/maisfm88.com.br\/site\/whindersson-nunes-a-jornada-de-superacao-e-saude-mental\/","title":{"rendered":"Whindersson Nunes: A Jornada de Supera\u00e7\u00e3o e Sa\u00fade Mental"},"content":{"rendered":"<article>\n<h2>Whindersson Nunes Abre o Cora\u00e7\u00e3o Sobre Reabilita\u00e7\u00e3o e a Luta pela Sa\u00fade Mental<\/h2>\n<p>Em um mundo onde a exposi\u00e7\u00e3o \u00e9 constante, a vulnerabilidade de figuras p\u00fablicas se torna um farol de esperan\u00e7a e identifica\u00e7\u00e3o para muitos. Whindersson Nunes, um dos maiores nomes do humor e entretenimento brasileiro, tem demonstrado uma coragem not\u00e1vel ao compartilhar detalhes de sua jornada de reabilita\u00e7\u00e3o e os desafios enfrentados em prol de sua <strong>sa\u00fade mental<\/strong>. Sua recente declara\u00e7\u00e3o, onde confessa ter &#8220;confundido a realidade&#8221;, ressoa profundamente, convidando a uma reflex\u00e3o sobre os limites entre a vida online e a offline, e a import\u00e2ncia do autocuidado.<\/p>\n<h3>A Coragem de Compartilhar a Luta<\/h3>\n<p>Whindersson Nunes, conhecido por seu carisma e irrever\u00eancia, sempre manteve uma conex\u00e3o pr\u00f3xima com seu p\u00fablico. No entanto, suas \u00faltimas revela\u00e7\u00f5es v\u00e3o al\u00e9m do humor, adentrando um territ\u00f3rio mais \u00edntimo e delicado: a batalha pela sa\u00fade mental. Ao admitir que esteve em um processo de reabilita\u00e7\u00e3o, o artista n\u00e3o apenas quebra tabus, mas tamb\u00e9m oferece um vislumbre da press\u00e3o e das dificuldades que podem acompanhar a fama.<\/p>\n<p>A frase &#8220;estava confundindo a realidade&#8221; \u00e9 poderosa. Ela sugere um momento de desorienta\u00e7\u00e3o, onde as linhas entre o mundo digital, as expectativas alheias e a pr\u00f3pria percep\u00e7\u00e3o se tornam turvas. Para muitos que acompanham a vida de celebridades atrav\u00e9s das redes sociais, \u00e9 f\u00e1cil esquecer que por tr\u00e1s das telas existem indiv\u00edduos com suas pr\u00f3prias fragilidades e que tamb\u00e9m precisam de cuidado e aten\u00e7\u00e3o \u00e0 sua sa\u00fade ps\u00edquica.<\/p>\n<h3>O Impacto da Exposi\u00e7\u00e3o Constante<\/h3>\n<p>A carreira de Whindersson Nunes \u00e9 um exemplo cl\u00e1ssico do fen\u00f4meno da internet que transcendeu para o mainstream. Come\u00e7ando com v\u00eddeos curtos e despretensiosos, ele construiu um imp\u00e9rio de seguidores e se tornou uma for\u00e7a a ser reconhecida no cen\u00e1rio do entretenimento. Essa ascens\u00e3o mete\u00f3rica, no entanto, vem acompanhada de uma exposi\u00e7\u00e3o sem precedentes. Cada postagem, cada opini\u00e3o, cada passo \u00e9 escrutinado por milh\u00f5es de pessoas.<\/p>\n<p>A press\u00e3o para estar sempre &#8220;ligado&#8221;, para criar conte\u00fado novo, para manter o engajamento e para responder \u00e0s demandas de um p\u00fablico vasto pode ser avassaladora. Nesse contexto, a linha t\u00eanue entre a persona p\u00fablica e a vida privada pode se apagar, levando a um esgotamento mental e a uma desconex\u00e3o com a pr\u00f3pria realidade. A experi\u00eancia de Whindersson serve como um alerta para a ind\u00fastria do entretenimento e para a sociedade em geral sobre os perigos da superexposi\u00e7\u00e3o e a necessidade de preservar o bem-estar dos artistas.<\/p>\n<h3>Reabilita\u00e7\u00e3o: Um Ato de Autocuidado e For\u00e7a<\/h3>\n<p>O processo de reabilita\u00e7\u00e3o, seja ele qual for, \u00e9 frequentemente estigmatizado. No entanto, para Whindersson Nunes, compartilhar essa etapa de sua vida \u00e9 um ato de coragem e um passo fundamental para a recupera\u00e7\u00e3o. \u00c9 a demonstra\u00e7\u00e3o de que buscar ajuda profissional e dedicar tempo ao autocuidado n\u00e3o \u00e9 um sinal de fraqueza, mas sim de imensa for\u00e7a e autoconsci\u00eancia.<\/p>\n<p>Ao falar abertamente sobre sua experi\u00eancia, ele encoraja outros que podem estar passando por dificuldades semelhantes a procurar apoio. A sa\u00fade mental \u00e9 t\u00e3o importante quanto a sa\u00fade f\u00edsica, e normalizar as conversas sobre terapia, reabilita\u00e7\u00e3o e bem-estar psicol\u00f3gico \u00e9 crucial para construir uma sociedade mais saud\u00e1vel e emp\u00e1tica. O comediante, que tantas vezes trouxe alegria para a vida de seus f\u00e3s, agora compartilha um lado mais humano e resiliente, inspirando a todos n\u00f3s a olharmos para dentro e cuidarmos de nossa pr\u00f3pria sa\u00fade mental.<\/p>\n<h3>O Futuro e a Resili\u00eancia de Whindersson<\/h3>\n<p>Ainda que os detalhes espec\u00edficos de sua reabilita\u00e7\u00e3o n\u00e3o tenham sido divulgados, o fato de ele estar compartilhando essa fase demonstra um compromisso com sua recupera\u00e7\u00e3o e com a transpar\u00eancia com seu p\u00fablico. A expectativa \u00e9 que, ap\u00f3s este per\u00edodo de cuidado pessoal, Whindersson Nunes retorne com ainda mais for\u00e7a e novas perspectivas, continuando a ser uma voz importante no humor e no debate sobre sa\u00fade mental no Brasil.<\/p>\n<p>Sua jornada \u00e9 um testemunho da resili\u00eancia humana e da import\u00e2ncia de priorizar o bem-estar em um mundo cada vez mais conectado e exigente. A comunidade online e seus f\u00e3s certamente estar\u00e3o torcendo por sua completa recupera\u00e7\u00e3o e aguardando ansiosamente por seus pr\u00f3ximos passos, com a certeza de que sua autenticidade continuar\u00e1 a inspirar e a tocar vidas.<\/p>\n<\/article>\n","protected":false},"excerpt":{"rendered":"<p>Whindersson Nunes Abre o Cora\u00e7\u00e3o Sobre Reabilita\u00e7\u00e3o e a Luta pela Sa\u00fade Mental Em um mundo onde a exposi\u00e7\u00e3o \u00e9 constante, a vulnerabilidade de figuras p\u00fablicas se torna um farol de esperan\u00e7a e identifica\u00e7\u00e3o para muitos. Whindersson Nunes, um dos maiores nomes do humor e entretenimento brasileiro, tem demonstrado uma coragem not\u00e1vel ao compartilhar detalhes&#8230;<\/p>\n","protected":false},"author":4,"featured_media":6797,"comment_status":"open","ping_status":"open","sticky":false,"template":"","format":"standard","meta":{"om_disable_all_campaigns":false,"footnotes":""},"categories":[103],"tags":[175,167,284,283,282],"class_list":["post-6796","post","type-post","status-publish","format-standard","has-post-thumbnail","hentry","category-famosos","tag-entretenimento","tag-humor","tag-reabilitacao","tag-saude-mental","tag-whindersson-nunes","have-post-thumb"],"_links":{"self":[{"href":"https:\/\/maisfm88.com.br\/site\/wp-json\/wp\/v2\/posts\/6796","targetHints":{"allow":["GET"]}}],"collection":[{"href":"https:\/\/maisfm88.com.br\/site\/wp-json\/wp\/v2\/posts"}],"about":[{"href":"https:\/\/maisfm88.com.br\/site\/wp-json\/wp\/v2\/types\/post"}],"author":[{"embeddable":true,"href":"https:\/\/maisfm88.com.br\/site\/wp-json\/wp\/v2\/users\/4"}],"replies":[{"embeddable":true,"href":"https:\/\/maisfm88.com.br\/site\/wp-json\/wp\/v2\/comments?post=6796"}],"version-history":[{"count":1,"href":"https:\/\/maisfm88.com.br\/site\/wp-json\/wp\/v2\/posts\/6796\/revisions"}],"predecessor-version":[{"id":6798,"href":"https:\/\/maisfm88.com.br\/site\/wp-json\/wp\/v2\/posts\/6796\/revisions\/6798"}],"wp:featuredmedia":[{"embeddable":true,"href":"https:\/\/maisfm88.com.br\/site\/wp-json\/wp\/v2\/media\/6797"}],"wp:attachment":[{"href":"https:\/\/maisfm88.com.br\/site\/wp-json\/wp\/v2\/media?parent=6796"}],"wp:term":[{"taxonomy":"category","embeddable":true,"href":"https:\/\/maisfm88.com.br\/site\/wp-json\/wp\/v2\/categories?post=6796"},{"taxonomy":"post_tag","embeddable":true,"href":"https:\/\/maisfm88.com.br\/site\/wp-json\/wp\/v2\/tags?post=6796"}],"curies":[{"name":"wp","href":"https:\/\/api.w.org\/{rel}","templated":true}]}}