{"id":6793,"date":"2026-04-29T15:14:23","date_gmt":"2026-04-29T18:14:23","guid":{"rendered":"https:\/\/maisfm88.com.br\/site\/?p=6793"},"modified":"2026-04-29T15:14:23","modified_gmt":"2026-04-29T18:14:23","slug":"iza-diastase-abdominal-iza-a-jornada-de-transformacao-corporal-e-superacao","status":"publish","type":"post","link":"https:\/\/maisfm88.com.br\/site\/iza-diastase-abdominal-iza-a-jornada-de-transformacao-corporal-e-superacao\/","title":{"rendered":"IZA: A Jornada de Transforma\u00e7\u00e3o Corporal e Supera\u00e7\u00e3o P\u00f3s-Parto"},"content":{"rendered":"<p>A cantora IZA tem sido um exemplo inspirador n\u00e3o apenas em sua carreira musical de sucesso, mas tamb\u00e9m em sua jornada pessoal de supera\u00e7\u00e3o e cuidado com a sa\u00fade. Recentemente, a artista chamou a aten\u00e7\u00e3o ao compartilhar detalhes sobre sua recupera\u00e7\u00e3o p\u00f3s-parto, especialmente no que diz respeito \u00e0 di\u00e1stase abdominal. Longe de ser apenas uma quest\u00e3o est\u00e9tica, a di\u00e1stase \u00e9 uma condi\u00e7\u00e3o que afeta muitas mulheres ap\u00f3s a gesta\u00e7\u00e3o, e a forma como IZA a abordou tem servido de inspira\u00e7\u00e3o para muitas.<\/p>\n<h2>A Import\u00e2ncia da Recupera\u00e7\u00e3o P\u00f3s-Parto<\/h2>\n<p>Ap\u00f3s dar \u00e0 luz sua filha, a pequena Isabella, IZA tem se dedicado a um processo de reabilita\u00e7\u00e3o f\u00edsica que vai al\u00e9m dos treinos convencionais. A cantora revelou que enfrentou a di\u00e1stase abdominal, um afastamento dos m\u00fasculos retos do abd\u00f4men que ocorre devido ao crescimento do \u00fatero durante a gravidez. Embora seja uma condi\u00e7\u00e3o comum, a recupera\u00e7\u00e3o pode ser desafiadora e requer acompanhamento especializado.<\/p>\n<h3>O Que \u00e9 Di\u00e1stase Abdominal?<\/h3>\n<p>A di\u00e1stase abdominal, tamb\u00e9m conhecida como separa\u00e7\u00e3o abdominal, \u00e9 caracterizada pelo enfraquecimento e distanciamento dos m\u00fasculos do core. Durante a gesta\u00e7\u00e3o, o corpo da mulher passa por diversas transforma\u00e7\u00f5es para acomodar o beb\u00ea em crescimento. Um dos efeitos mais comuns \u00e9 o estiramento da linha alba, a faixa de tecido conjuntivo que une os m\u00fasculos abdominais. Em muitos casos, ap\u00f3s o parto, esses m\u00fasculos retornam \u00e0 sua posi\u00e7\u00e3o original, mas em outros, o afastamento persiste, podendo gerar desconforto, dor lombar e problemas posturais.<\/p>\n<p>A personal trainer de IZA, que acompanhou de perto sua recupera\u00e7\u00e3o, explicou que o foco principal n\u00e3o foi apenas a est\u00e9tica, mas sim a funcionalidade e a sa\u00fade do corpo da artista. O trabalho envolveu exerc\u00edcios espec\u00edficos para fortalecer o core de forma segura e eficaz, respeitando o tempo de recupera\u00e7\u00e3o do corpo p\u00f3s-parto. A abordagem foi gradual e personalizada, visando restaurar a for\u00e7a e a estabilidade da regi\u00e3o abdominal.<\/p>\n<h2>A Trajet\u00f3ria de IZA e a Inspira\u00e7\u00e3o para o P\u00fablico<\/h2>\n<p>IZA sempre foi conhecida por sua presen\u00e7a de palco vibrante e sua for\u00e7a como artista. Sua transpar\u00eancia ao compartilhar os desafios da maternidade e da recupera\u00e7\u00e3o f\u00edsica tem ressoado profundamente com seu p\u00fablico. Ao falar abertamente sobre a di\u00e1stase e o processo de cura, ela quebra tabus e encoraja outras mulheres a priorizarem sua sa\u00fade e bem-estar, buscando ajuda profissional quando necess\u00e1rio.<\/p>\n<p>A cantora demonstrou resili\u00eancia e dedica\u00e7\u00e3o em seu processo, mostrando que a supera\u00e7\u00e3o de desafios f\u00edsicos ap\u00f3s a gravidez \u00e9 poss\u00edvel com o acompanhamento correto e a mentalidade certa. Sua hist\u00f3ria serve como um lembrete poderoso de que a jornada de cada mulher \u00e9 \u00fanica e que o autocuidado deve ser uma prioridade.<\/p>\n<h3>O Poder da Informa\u00e7\u00e3o e do Apoio Profissional<\/h3>\n<p>O caso de IZA destaca a import\u00e2ncia de desmistificar condi\u00e7\u00f5es como a di\u00e1stase abdominal. Muitas mulheres sofrem em sil\u00eancio, sem saber que existe tratamento e que \u00e9 poss\u00edvel recuperar a funcionalidade do corpo. A busca por profissionais qualificados, como fisioterapeutas e educadores f\u00edsicos especializados em sa\u00fade da mulher, \u00e9 fundamental para um plano de recupera\u00e7\u00e3o seguro e eficaz. Esses profissionais podem avaliar a condi\u00e7\u00e3o individual, desenvolver programas de exerc\u00edcios personalizados e orientar sobre os cuidados necess\u00e1rios.<\/p>\n<p>A for\u00e7a de IZA em compartilhar sua experi\u00eancia tamb\u00e9m contribui para a conscientiza\u00e7\u00e3o sobre a import\u00e2ncia da sa\u00fade da mulher em todas as fases da vida. Sua atitude refor\u00e7a a mensagem de que \u00e9 poss\u00edvel conciliar a carreira, a maternidade e o cuidado pessoal, inspirando outras a seguirem seus passos e a buscarem o melhor para si mesmas.<\/p>\n<h2>IZA: Mais do que M\u00fasica, um \u00cdcone de For\u00e7a e Empoderamento<\/h2>\n<p>Com uma carreira consolidada e um talento ineg\u00e1vel, IZA continua a brilhar nos palcos e a conquistar cora\u00e7\u00f5es. Sua mais recente demonstra\u00e7\u00e3o de for\u00e7a e vulnerabilidade, ao abordar sua recupera\u00e7\u00e3o p\u00f3s-parto e a supera\u00e7\u00e3o da di\u00e1stase abdominal, solidifica ainda mais sua posi\u00e7\u00e3o como um \u00edcone de empoderamento feminino. A cantora n\u00e3o apenas entrega sucessos musicais, mas tamb\u00e9m inspira milh\u00f5es de pessoas com sua autenticidade e sua dedica\u00e7\u00e3o \u00e0 sa\u00fade e ao bem-estar.<\/p>\n<p>A jornada de IZA \u00e9 um testemunho do poder da resili\u00eancia, do autocuidado e da import\u00e2ncia de buscar apoio profissional. Sua hist\u00f3ria ressoa como um chamado \u00e0 a\u00e7\u00e3o para que outras mulheres priorizem sua sa\u00fade, se informem sobre suas condi\u00e7\u00f5es e celebrem suas pr\u00f3prias jornadas de supera\u00e7\u00e3o.<\/p>\n","protected":false},"excerpt":{"rendered":"<p>A cantora IZA tem sido um exemplo inspirador n\u00e3o apenas em sua carreira musical de sucesso, mas tamb\u00e9m em sua jornada pessoal de supera\u00e7\u00e3o e cuidado com a sa\u00fade. Recentemente, a artista chamou a aten\u00e7\u00e3o ao compartilhar detalhes sobre sua recupera\u00e7\u00e3o p\u00f3s-parto, especialmente no que diz respeito \u00e0 di\u00e1stase abdominal. Longe de ser apenas uma&#8230;<\/p>\n","protected":false},"author":4,"featured_media":6794,"comment_status":"open","ping_status":"open","sticky":false,"template":"","format":"standard","meta":{"om_disable_all_campaigns":false,"footnotes":""},"categories":[103],"tags":[279,278,248,280,125],"class_list":["post-6793","post","type-post","status-publish","format-standard","has-post-thumbnail","hentry","category-famosos","tag-diastase-abdominal","tag-iza","tag-maternidade","tag-recuperacao-pos-parto","tag-saude","have-post-thumb"],"_links":{"self":[{"href":"https:\/\/maisfm88.com.br\/site\/wp-json\/wp\/v2\/posts\/6793","targetHints":{"allow":["GET"]}}],"collection":[{"href":"https:\/\/maisfm88.com.br\/site\/wp-json\/wp\/v2\/posts"}],"about":[{"href":"https:\/\/maisfm88.com.br\/site\/wp-json\/wp\/v2\/types\/post"}],"author":[{"embeddable":true,"href":"https:\/\/maisfm88.com.br\/site\/wp-json\/wp\/v2\/users\/4"}],"replies":[{"embeddable":true,"href":"https:\/\/maisfm88.com.br\/site\/wp-json\/wp\/v2\/comments?post=6793"}],"version-history":[{"count":1,"href":"https:\/\/maisfm88.com.br\/site\/wp-json\/wp\/v2\/posts\/6793\/revisions"}],"predecessor-version":[{"id":6795,"href":"https:\/\/maisfm88.com.br\/site\/wp-json\/wp\/v2\/posts\/6793\/revisions\/6795"}],"wp:featuredmedia":[{"embeddable":true,"href":"https:\/\/maisfm88.com.br\/site\/wp-json\/wp\/v2\/media\/6794"}],"wp:attachment":[{"href":"https:\/\/maisfm88.com.br\/site\/wp-json\/wp\/v2\/media?parent=6793"}],"wp:term":[{"taxonomy":"category","embeddable":true,"href":"https:\/\/maisfm88.com.br\/site\/wp-json\/wp\/v2\/categories?post=6793"},{"taxonomy":"post_tag","embeddable":true,"href":"https:\/\/maisfm88.com.br\/site\/wp-json\/wp\/v2\/tags?post=6793"}],"curies":[{"name":"wp","href":"https:\/\/api.w.org\/{rel}","templated":true}]}}