{"id":6790,"date":"2026-04-29T09:03:47","date_gmt":"2026-04-29T12:03:47","guid":{"rendered":"https:\/\/maisfm88.com.br\/site\/?p=6790"},"modified":"2026-04-29T09:03:47","modified_gmt":"2026-04-29T12:03:47","slug":"iza-cura-diastase-iza-revela-transformacao-pos-parto-e-cura-de-diastase","status":"publish","type":"post","link":"https:\/\/maisfm88.com.br\/site\/iza-cura-diastase-iza-revela-transformacao-pos-parto-e-cura-de-diastase\/","title":{"rendered":"IZA Revela Transforma\u00e7\u00e3o P\u00f3s-Parto e Cura de Di\u00e1stase Abdominal"},"content":{"rendered":"<p>A cantora <strong>IZA<\/strong>, um dos maiores nomes da m\u00fasica pop brasileira, tem compartilhado com seus seguidores n\u00e3o apenas seus sucessos musicais, mas tamb\u00e9m sua jornada pessoal de supera\u00e7\u00e3o e transforma\u00e7\u00e3o ap\u00f3s a maternidade. Recentemente, a artista revelou ter passado por um processo de recupera\u00e7\u00e3o e cura de di\u00e1stase abdominal, uma condi\u00e7\u00e3o comum que afeta muitas mulheres ap\u00f3s o parto. A not\u00edcia gerou grande repercuss\u00e3o, destacando a import\u00e2ncia da sa\u00fade feminina e o apoio profissional nesse per\u00edodo.<\/p>\n<h2>IZA e a Maternidade: Um Novo Cap\u00edtulo<\/h2>\n<p>Em setembro de 2023, IZA deu \u00e0 luz sua primeira filha, Helena, fruto de seu relacionamento com o jogador de futebol Yuri Daniel. Desde ent\u00e3o, a cantora tem dividido momentos da nova fase de sua vida, mostrando a alegria e os desafios da maternidade. No entanto, por tr\u00e1s das postagens que transbordam felicidade, existe tamb\u00e9m um processo de recupera\u00e7\u00e3o f\u00edsica que a artista decidiu expor para inspirar outras mulheres.<\/p>\n<h3>Di\u00e1stase Abdominal: O Que \u00c9 e Como Afeta?<\/h3>\n<p>A di\u00e1stase abdominal \u00e9 a separa\u00e7\u00e3o dos m\u00fasculos retos do abd\u00f4men, um fen\u00f4meno que pode ocorrer durante a gravidez devido ao crescimento do \u00fatero e \u00e0s mudan\u00e7as hormonais. Embora seja uma condi\u00e7\u00e3o comum, a di\u00e1stase pode persistir ap\u00f3s o parto e, em alguns casos, causar desconfortos, dores lombares e afetar a est\u00e9tica e a funcionalidade da regi\u00e3o abdominal. A recupera\u00e7\u00e3o geralmente envolve exerc\u00edcios espec\u00edficos e acompanhamento profissional.<\/p>\n<h2>A Jornada de Recupera\u00e7\u00e3o de IZA<\/h2>\n<p>Em uma publica\u00e7\u00e3o recente em suas redes sociais, IZA compartilhou detalhes de sua recupera\u00e7\u00e3o, mostrando que, com dedica\u00e7\u00e3o e o aux\u00edlio de um profissional, \u00e9 poss\u00edvel reverter os efeitos da di\u00e1stase. A cantora destacou a import\u00e2ncia de um treino especializado e personalizado para fortalecer o core e restaurar a musculatura abdominal. Ela contou com o acompanhamento de seu personal trainer, que explicou em detalhes o processo e os benef\u00edcios dos exerc\u00edcios.<\/p>\n<h3>O Papel do Personal Trainer na Recupera\u00e7\u00e3o<\/h3>\n<p>O personal trainer respons\u00e1vel pelo acompanhamento de IZA explicou que o tratamento da di\u00e1stase abdominal exige uma abordagem cuidadosa e progressiva. Ele ressaltou que n\u00e3o se trata apenas de est\u00e9tica, mas sim de funcionalidade e sa\u00fade. Os exerc\u00edcios focam em reeducar a respira\u00e7\u00e3o, ativar o transverso abdominal (m\u00fasculo profundo do abd\u00f4men) e, gradualmente, fortalecer a regi\u00e3o. A chave, segundo o profissional, \u00e9 a consist\u00eancia e a correta execu\u00e7\u00e3o dos movimentos, evitando aqueles que possam agravar a separa\u00e7\u00e3o muscular.<\/p>\n<p><strong>IZA<\/strong> demonstrou grande comprometimento com seu processo de recupera\u00e7\u00e3o, dedicando tempo e esfor\u00e7o aos treinos. A artista, conhecida por sua disciplina e for\u00e7a de vontade, utilizou sua plataforma para encorajar outras m\u00e3es a buscarem ajuda e a n\u00e3o desistirem de cuidar de si mesmas ap\u00f3s a gesta\u00e7\u00e3o. A transpar\u00eancia de IZA sobre essa quest\u00e3o pessoal refor\u00e7a seu papel como uma figura inspiradora, que vai al\u00e9m dos palcos e da m\u00fasica.<\/p>\n<h2>Impacto e Inspira\u00e7\u00e3o para Outras Mulheres<\/h2>\n<p>Ao compartilhar sua experi\u00eancia com a di\u00e1stase abdominal, IZA abriu um di\u00e1logo importante sobre os desafios f\u00edsicos que as mulheres enfrentam no p\u00f3s-parto. Muitas seguidoras se identificaram com a situa\u00e7\u00e3o e expressaram gratid\u00e3o pela iniciativa da cantora em falar abertamente sobre o assunto. A visibilidade que IZA deu \u00e0 condi\u00e7\u00e3o ajuda a desmistificar a di\u00e1stase e a incentivar outras mulheres a procurarem tratamento, combatendo o tabu e a falta de informa\u00e7\u00e3o.<\/p>\n<p>A cantora mostrou que \u00e9 poss\u00edvel conciliar a rotina intensa de uma artista de sucesso com os cuidados necess\u00e1rios para a recupera\u00e7\u00e3o p\u00f3s-parto. Sua jornada serve como um lembrete poderoso de que a sa\u00fade e o bem-estar devem ser prioridade, e que buscar apoio profissional \u00e9 um ato de autocuidado e fortalecimento. A transforma\u00e7\u00e3o de IZA, tanto f\u00edsica quanto em sua percep\u00e7\u00e3o sobre a sa\u00fade materna, \u00e9 um testemunho de resili\u00eancia e dedica\u00e7\u00e3o.<\/p>\n<h3>O Futuro Musical e Pessoal de IZA<\/h3>\n<p>Com a recupera\u00e7\u00e3o progredindo e a energia renovada, os f\u00e3s aguardam ansiosamente os pr\u00f3ximos passos da carreira de IZA. A artista j\u00e1 sinalizou que est\u00e1 preparando novidades musicais, e \u00e9 prov\u00e1vel que sua experi\u00eancia recente influencie sua arte de alguma forma. A maternidade tem sido uma fonte de inspira\u00e7\u00e3o profunda, e IZA certamente trar\u00e1 essa nova perspectiva para suas composi\u00e7\u00f5es e performances.<\/p>\n<p>A hist\u00f3ria de IZA e sua supera\u00e7\u00e3o da di\u00e1stase abdominal \u00e9 mais um cap\u00edtulo inspirador em sua trajet\u00f3ria de sucesso. Ela prova que a for\u00e7a feminina se manifesta de diversas formas, e que a vulnerabilidade, quando compartilhada com prop\u00f3sito, pode se tornar uma poderosa ferramenta de empoderamento. A cantora continua a brilhar, n\u00e3o apenas com seu talento musical, mas tamb\u00e9m com sua autenticidade e coragem.<\/p>\n","protected":false},"excerpt":{"rendered":"<p>A cantora IZA, um dos maiores nomes da m\u00fasica pop brasileira, tem compartilhado com seus seguidores n\u00e3o apenas seus sucessos musicais, mas tamb\u00e9m sua jornada pessoal de supera\u00e7\u00e3o e transforma\u00e7\u00e3o ap\u00f3s a maternidade. Recentemente, a artista revelou ter passado por um processo de recupera\u00e7\u00e3o e cura de di\u00e1stase abdominal, uma condi\u00e7\u00e3o comum que afeta muitas&#8230;<\/p>\n","protected":false},"author":4,"featured_media":6791,"comment_status":"open","ping_status":"open","sticky":false,"template":"","format":"standard","meta":{"om_disable_all_campaigns":false,"footnotes":""},"categories":[103],"tags":[279,278,248,280,281],"class_list":["post-6790","post","type-post","status-publish","format-standard","has-post-thumbnail","hentry","category-famosos","tag-diastase-abdominal","tag-iza","tag-maternidade","tag-recuperacao-pos-parto","tag-saude-feminina","have-post-thumb"],"_links":{"self":[{"href":"https:\/\/maisfm88.com.br\/site\/wp-json\/wp\/v2\/posts\/6790","targetHints":{"allow":["GET"]}}],"collection":[{"href":"https:\/\/maisfm88.com.br\/site\/wp-json\/wp\/v2\/posts"}],"about":[{"href":"https:\/\/maisfm88.com.br\/site\/wp-json\/wp\/v2\/types\/post"}],"author":[{"embeddable":true,"href":"https:\/\/maisfm88.com.br\/site\/wp-json\/wp\/v2\/users\/4"}],"replies":[{"embeddable":true,"href":"https:\/\/maisfm88.com.br\/site\/wp-json\/wp\/v2\/comments?post=6790"}],"version-history":[{"count":1,"href":"https:\/\/maisfm88.com.br\/site\/wp-json\/wp\/v2\/posts\/6790\/revisions"}],"predecessor-version":[{"id":6792,"href":"https:\/\/maisfm88.com.br\/site\/wp-json\/wp\/v2\/posts\/6790\/revisions\/6792"}],"wp:featuredmedia":[{"embeddable":true,"href":"https:\/\/maisfm88.com.br\/site\/wp-json\/wp\/v2\/media\/6791"}],"wp:attachment":[{"href":"https:\/\/maisfm88.com.br\/site\/wp-json\/wp\/v2\/media?parent=6790"}],"wp:term":[{"taxonomy":"category","embeddable":true,"href":"https:\/\/maisfm88.com.br\/site\/wp-json\/wp\/v2\/categories?post=6790"},{"taxonomy":"post_tag","embeddable":true,"href":"https:\/\/maisfm88.com.br\/site\/wp-json\/wp\/v2\/tags?post=6790"}],"curies":[{"name":"wp","href":"https:\/\/api.w.org\/{rel}","templated":true}]}}