{"id":6787,"date":"2026-04-29T06:00:26","date_gmt":"2026-04-29T09:00:26","guid":{"rendered":"https:\/\/maisfm88.com.br\/site\/?p=6787"},"modified":"2026-04-29T06:00:26","modified_gmt":"2026-04-29T09:00:26","slug":"paula-fernandes-encanta-em-dia-de-sol-na-italia","status":"publish","type":"post","link":"https:\/\/maisfm88.com.br\/site\/paula-fernandes-encanta-em-dia-de-sol-na-italia\/","title":{"rendered":"Paula Fernandes encanta em dia de sol na It\u00e1lia"},"content":{"rendered":"<h2>Paula Fernandes: Beleza Natural em Cen\u00e1rio Italiano<\/h2>\n<p>A cantora <strong>Paula Fernandes<\/strong>, conhecida por sua voz doce e presen\u00e7a marcante, tem conquistado os cora\u00e7\u00f5es de seus f\u00e3s n\u00e3o apenas com sua m\u00fasica, mas tamb\u00e9m com sua beleza e estilo. Recentemente, a artista compartilhou em suas redes sociais uma s\u00e9rie de fotos que chamaram a aten\u00e7\u00e3o, registrando um momento de lazer durante sua passagem pela It\u00e1lia. As imagens, repletas de sol e paisagens deslumbrantes, renderam uma enxurrada de elogios e coment\u00e1rios positivos de seus seguidores.<\/p>\n<h3>Um Ref\u00fagio Italiano e Elogios Virtuais<\/h3>\n<p>Em meio a uma agenda que, presume-se, envolva compromissos profissionais ou pessoais em solo europeu, Paula Fernandes aproveitou um dia ensolarado para desfrutar das belezas da It\u00e1lia. A cantora publicou em seu perfil no Instagram cliques onde aparece deslumbrante, vestindo um biqu\u00edni que real\u00e7ava sua silhueta, enquanto posava em meio a um cen\u00e1rio id\u00edlico. A combina\u00e7\u00e3o da beleza natural da artista com o charme das paisagens italianas parece ter sido uma receita infal\u00edvel para encantar o p\u00fablico.<\/p>\n<p>Os coment\u00e1rios nas postagens foram un\u00e2nimes em destacar a beleza de Paula Fernandes. Frases como &#8220;Bonita com for\u00e7a&#8221;, &#8220;Que espet\u00e1culo de mulher!&#8221;, &#8220;Deusa&#8221;, e &#8220;Perfeita&#8221; inundaram a se\u00e7\u00e3o de coment\u00e1rios, demonstrando o carinho e a admira\u00e7\u00e3o que o p\u00fablico nutre pela cantora. Muitos internautas tamb\u00e9m aproveitaram para comentar sobre a beleza da paisagem, mas o foco principal, inegavelmente, recaiu sobre a artista.<\/p>\n<h3>Paula Fernandes: Mais que uma Voz, um \u00cdcone de Estilo<\/h3>\n<p>Paula Fernandes despontou no cen\u00e1rio musical brasileiro com seu estilo country-pop, conquistando uma legi\u00e3o de f\u00e3s fi\u00e9is. Ao longo de sua carreira, a artista n\u00e3o apenas consolidou seu espa\u00e7o na m\u00fasica, mas tamb\u00e9m se tornou uma refer\u00eancia de moda e beleza. Suas escolhas de vestu\u00e1rio, tanto nos palcos quanto em momentos mais descontra\u00eddos, frequentemente geram repercuss\u00e3o e inspira\u00e7\u00e3o.<\/p>\n<p>As fotos na It\u00e1lia refor\u00e7am essa imagem de uma mulher que sabe valorizar sua beleza natural e que se sente confiante em sua pr\u00f3pria pele. A escolha do biqu\u00edni, que, embora n\u00e3o descrito em detalhes, foi suficiente para demonstrar a boa forma da cantora, combinada com a luz natural e o cen\u00e1rio europeu, criou um visual harmonioso e atraente. Esse tipo de conte\u00fado, que mescla o pessoal com o profissional de forma sutil, costuma gerar grande engajamento nas redes sociais, aproximando o artista de seu p\u00fablico.<\/p>\n<h3>O Poder das Redes Sociais na Carreira de Artistas<\/h3>\n<p>O epis\u00f3dio das fotos na It\u00e1lia serve como um lembrete do poder das redes sociais na constru\u00e7\u00e3o e manuten\u00e7\u00e3o da imagem de uma celebridade. Plataformas como o Instagram se tornaram vitrines onde artistas podem compartilhar momentos de suas vidas, promover seus trabalhos e interagir diretamente com seus admiradores. Para Paula Fernandes, essas postagens n\u00e3o s\u00e3o apenas registros de viagens, mas tamb\u00e9m uma forma de refor\u00e7ar sua conex\u00e3o com o p\u00fablico e manter sua relev\u00e2ncia midi\u00e1tica.<\/p>\n<p>A forma como a cantora soube capturar a ess\u00eancia do momento, aliando a beleza do lugar \u00e0 sua pr\u00f3pria presen\u00e7a, demonstra uma habilidade em criar conte\u00fado que ressoa com seus seguidores. A espontaneidade e a autenticidade percebidas nas imagens contribuem para a imagem positiva que ela projeta, refor\u00e7ando o carinho e a admira\u00e7\u00e3o que seus f\u00e3s t\u00eam por ela.<\/p>\n<h3>O Futuro Musical e os Pr\u00f3ximos Passos de Paula Fernandes<\/h3>\n<p>Embora as fotos na It\u00e1lia destaquem um momento de lazer, \u00e9 sabido que Paula Fernandes est\u00e1 sempre ativa em sua carreira musical. A artista, que j\u00e1 lan\u00e7ou diversos \u00e1lbuns de sucesso e coleciona hits que marcaram \u00e9poca, continua a ser uma figura importante na m\u00fasica brasileira. A expectativa \u00e9 que, ap\u00f3s esse per\u00edodo de descanso ou compromissos internacionais, Paula Fernandes retorne com novidades para seus f\u00e3s, seja com novas m\u00fasicas, turn\u00eas ou projetos que surpreendam o p\u00fablico.<\/p>\n<p>A capacidade de Paula Fernandes de se reinventar e de manter uma base de f\u00e3s s\u00f3lida ao longo dos anos \u00e9 um testemunho de seu talento e de sua conex\u00e3o com o p\u00fablico. Seja atrav\u00e9s de sua m\u00fasica ou de sua presen\u00e7a online, a artista demonstra uma consist\u00eancia que a mant\u00e9m em evid\u00eancia. As recentes fotos na It\u00e1lia, que celebraram sua beleza e o prazer de um momento de descanso, s\u00e3o apenas mais um cap\u00edtulo na trajet\u00f3ria de sucesso de Paula Fernandes, uma artista que sabe encantar em todos os cen\u00e1rios.<\/p>\n","protected":false},"excerpt":{"rendered":"<p>Paula Fernandes: Beleza Natural em Cen\u00e1rio Italiano A cantora Paula Fernandes, conhecida por sua voz doce e presen\u00e7a marcante, tem conquistado os cora\u00e7\u00f5es de seus f\u00e3s n\u00e3o apenas com sua m\u00fasica, mas tamb\u00e9m com sua beleza e estilo. Recentemente, a artista compartilhou em suas redes sociais uma s\u00e9rie de fotos que chamaram a aten\u00e7\u00e3o, registrando&#8230;<\/p>\n","protected":false},"author":4,"featured_media":6788,"comment_status":"open","ping_status":"open","sticky":false,"template":"","format":"standard","meta":{"om_disable_all_campaigns":false,"footnotes":""},"categories":[103],"tags":[277,274,275,273,276],"class_list":["post-6787","post","type-post","status-publish","format-standard","has-post-thumbnail","hentry","category-famosos","tag-beleza","tag-cantora","tag-italia","tag-paula-fernandes","tag-redes-sociais","have-post-thumb"],"_links":{"self":[{"href":"https:\/\/maisfm88.com.br\/site\/wp-json\/wp\/v2\/posts\/6787","targetHints":{"allow":["GET"]}}],"collection":[{"href":"https:\/\/maisfm88.com.br\/site\/wp-json\/wp\/v2\/posts"}],"about":[{"href":"https:\/\/maisfm88.com.br\/site\/wp-json\/wp\/v2\/types\/post"}],"author":[{"embeddable":true,"href":"https:\/\/maisfm88.com.br\/site\/wp-json\/wp\/v2\/users\/4"}],"replies":[{"embeddable":true,"href":"https:\/\/maisfm88.com.br\/site\/wp-json\/wp\/v2\/comments?post=6787"}],"version-history":[{"count":1,"href":"https:\/\/maisfm88.com.br\/site\/wp-json\/wp\/v2\/posts\/6787\/revisions"}],"predecessor-version":[{"id":6789,"href":"https:\/\/maisfm88.com.br\/site\/wp-json\/wp\/v2\/posts\/6787\/revisions\/6789"}],"wp:featuredmedia":[{"embeddable":true,"href":"https:\/\/maisfm88.com.br\/site\/wp-json\/wp\/v2\/media\/6788"}],"wp:attachment":[{"href":"https:\/\/maisfm88.com.br\/site\/wp-json\/wp\/v2\/media?parent=6787"}],"wp:term":[{"taxonomy":"category","embeddable":true,"href":"https:\/\/maisfm88.com.br\/site\/wp-json\/wp\/v2\/categories?post=6787"},{"taxonomy":"post_tag","embeddable":true,"href":"https:\/\/maisfm88.com.br\/site\/wp-json\/wp\/v2\/tags?post=6787"}],"curies":[{"name":"wp","href":"https:\/\/api.w.org\/{rel}","templated":true}]}}