{"id":6756,"date":"2026-04-27T06:01:49","date_gmt":"2026-04-27T09:01:49","guid":{"rendered":"https:\/\/maisfm88.com.br\/site\/?p=6756"},"modified":"2026-04-27T06:01:49","modified_gmt":"2026-04-27T09:01:49","slug":"claudia-raia-e-mariana-ximenes-claudia-raia-celebra-18-anos-de-amizade-com","status":"publish","type":"post","link":"https:\/\/maisfm88.com.br\/site\/claudia-raia-e-mariana-ximenes-claudia-raia-celebra-18-anos-de-amizade-com\/","title":{"rendered":"Claudia Raia celebra 18 anos de amizade com Mariana Ximenes"},"content":{"rendered":"<h2>Um La\u00e7o de 18 Anos: Claudia Raia Homenageia Mariana Ximenes<\/h2>\n<p>A atriz <strong>Claudia Raia<\/strong>, conhecida por sua energia contagiante e carreira brilhante na televis\u00e3o brasileira, usou suas redes sociais para celebrar um marco especial: 18 anos de amizade com a talentosa <strong>Mariana Ximenes<\/strong>. Em uma postagem emocionante, Raia compartilhou fotos nost\u00e1lgicas que retratam a evolu\u00e7\u00e3o da rela\u00e7\u00e3o entre as duas, provando que os la\u00e7os constru\u00eddos nos bastidores das novelas podem, de fato, durar para sempre.<\/p>\n<h3>O In\u00edcio de Tudo: Nos Bastidores de &#8216;A Favorita&#8217;<\/h3>\n<p>A amizade entre Claudia Raia e Mariana Ximenes floresceu em 2008, durante as grava\u00e7\u00f5es da novela <strong>&#8216;A Favorita&#8217;<\/strong>, um dos grandes sucessos da Rede Globo. Na trama, que cativou o p\u00fablico com sua trama envolvente e personagens marcantes, as duas atrizes interpretaram pap\u00e9is importantes, desenvolvendo uma conex\u00e3o que transcendeu as c\u00e2meras.<\/p>\n<p>A novela, escrita por Jo\u00e3o Emanuel Carneiro, abordou temas complexos como vingan\u00e7a, identidade e reden\u00e7\u00e3o, e contou com um elenco estelar. Foi nesse ambiente de trabalho intenso e criativo que Raia e Ximenes estreitaram seus la\u00e7os, compartilhando n\u00e3o apenas os desafios da atua\u00e7\u00e3o, mas tamb\u00e9m momentos de cumplicidade e apoio m\u00fatuo.<\/p>\n<h3>A Celebra\u00e7\u00e3o nas Redes Sociais<\/h3>\n<p>Em sua homenagem, Claudia Raia publicou um carrossel de fotos que revisitavam momentos significativos da amizade. As imagens mostravam desde os tempos de &#8216;A Favorita&#8217; at\u00e9 registros mais recentes, evidenciando a passagem do tempo e a consolida\u00e7\u00e3o do afeto. A atriz escreveu uma legenda carinhosa, destacando a import\u00e2ncia de Mariana em sua vida ao longo desses anos.<\/p>\n<p>\u201c18 anos de n\u00f3s! De cumplicidade, de risadas, de parceria, de amor! Minha Ximenes, que sorte a minha ter voc\u00ea na minha vida. Que essa nossa hist\u00f3ria continue longa, linda e cheia de alegrias\u201d, declarou Raia, em um tom que misturava emo\u00e7\u00e3o e a jovialidade que lhe \u00e9 caracter\u00edstica.<\/p>\n<h3>Mariana Ximenes: Uma Trajet\u00f3ria de Sucesso<\/h3>\n<p>Mariana Ximenes, por sua vez, construiu uma carreira s\u00f3lida e diversificada no audiovisual brasileiro. Desde sua estreia na televis\u00e3o, a atriz se destacou pela versatilidade, transitando com maestria por diferentes g\u00eaneros e personagens. Sua capacidade de entrega e a profundidade com que d\u00e1 vida aos seus pap\u00e9is lhe renderam aclama\u00e7\u00e3o da cr\u00edtica e o carinho do p\u00fablico.<\/p>\n<p>Al\u00e9m de &#8216;A Favorita&#8217;, Mariana Ximenes coleciona sucessos em novelas como <strong>&#8216;Cobras &amp; Lagartos&#8217;<\/strong>, <strong>&#8216;Caras &amp; Bocas&#8217;<\/strong> e <strong>&#8216;Amor \u00e0 Vida&#8217;<\/strong>, al\u00e9m de incurs\u00f5es pelo cinema e teatro. Sua atua\u00e7\u00e3o em produ\u00e7\u00f5es internacionais, como a s\u00e9rie &#8216;G3&#8217;, tamb\u00e9m ampliou seu reconhecimento global.<\/p>\n<h3>A Import\u00e2ncia das Conex\u00f5es no Mundo Art\u00edstico<\/h3>\n<p>A celebra\u00e7\u00e3o entre Claudia Raia e Mariana Ximenes \u00e9 um belo lembrete da import\u00e2ncia das conex\u00f5es humanas no competitivo mundo art\u00edstico. Em uma profiss\u00e3o que muitas vezes \u00e9 marcada pela efemeridade e pela competitividade, cultivar amizades verdadeiras pode ser um ref\u00fagio e uma fonte de for\u00e7a.<\/p>\n<p>Rela\u00e7\u00f5es como essa, que nascem no ambiente de trabalho e se solidificam com o tempo, mostram que \u00e9 poss\u00edvel construir pontes e parcerias duradouras. A troca de experi\u00eancias, o apoio em momentos dif\u00edceis e a celebra\u00e7\u00e3o das conquistas conjuntas s\u00e3o ingredientes essenciais para o bem-estar e o sucesso a longo prazo.<\/p>\n<h3>Claudia Raia: Uma Refer\u00eancia de Longevidade e Paix\u00e3o<\/h3>\n<p>Claudia Raia \u00e9, sem d\u00favida, um \u00edcone da televis\u00e3o brasileira. Com uma carreira que se estende por d\u00e9cadas, ela se reinventou in\u00fameras vezes, sempre demonstrando paix\u00e3o e dedica\u00e7\u00e3o ao seu of\u00edcio. Sua trajet\u00f3ria \u00e9 marcada por personagens inesquec\u00edveis e pela capacidade de se manter relevante em um mercado em constante transforma\u00e7\u00e3o.<\/p>\n<p>Recentemente, Raia tamb\u00e9m tem se destacado por sua atua\u00e7\u00e3o em musicais e espet\u00e1culos teatrais, provando que seu talento vai muito al\u00e9m das novelas. Sua energia vibrante e seu bom humor s\u00e3o contagiantes, e ela compartilha frequentemente esses aspectos de sua vida com seus seguidores, inspirando muitas pessoas.<\/p>\n<h3>O Futuro da Amizade e das Carreiras<\/h3>\n<p>Com 18 anos de amizade celebrados, fica a expectativa para os pr\u00f3ximos cap\u00edtulos dessa rela\u00e7\u00e3o. Certamente, Claudia Raia e Mariana Ximenes continuar\u00e3o a trilhar seus caminhos de sucesso, apoiando uma \u00e0 outra em suas jornadas profissionais e pessoais. A postagem de Raia n\u00e3o foi apenas uma homenagem, mas tamb\u00e9m uma reafirma\u00e7\u00e3o do forte v\u00ednculo que une as duas artistas, um testemunho inspirador de que amizades genu\u00ednas podem florescer e prosperar, mesmo em meio \u00e0 correria e aos holofotes do mundo das celebridades.<\/p>\n<p>A admira\u00e7\u00e3o m\u00fatua e o carinho demonstrado s\u00e3o um reflexo da maturidade e da profundidade da rela\u00e7\u00e3o, que promete continuar a render bons frutos e momentos memor\u00e1veis para as duas atrizes e seus f\u00e3s.<\/p>\n","protected":false},"excerpt":{"rendered":"<p>Um La\u00e7o de 18 Anos: Claudia Raia Homenageia Mariana Ximenes A atriz Claudia Raia, conhecida por sua energia contagiante e carreira brilhante na televis\u00e3o brasileira, usou suas redes sociais para celebrar um marco especial: 18 anos de amizade com a talentosa Mariana Ximenes. Em uma postagem emocionante, Raia compartilhou fotos nost\u00e1lgicas que retratam a evolu\u00e7\u00e3o&#8230;<\/p>\n","protected":false},"author":4,"featured_media":0,"comment_status":"open","ping_status":"open","sticky":false,"template":"","format":"standard","meta":{"om_disable_all_campaigns":false,"footnotes":""},"categories":[103],"tags":[225,231,109,224,223],"class_list":["post-6756","post","type-post","status-publish","format-standard","hentry","category-famosos","tag-a-favorita","tag-amizade","tag-celebridades","tag-claudia-raia","tag-mariana-ximenes"],"_links":{"self":[{"href":"https:\/\/maisfm88.com.br\/site\/wp-json\/wp\/v2\/posts\/6756","targetHints":{"allow":["GET"]}}],"collection":[{"href":"https:\/\/maisfm88.com.br\/site\/wp-json\/wp\/v2\/posts"}],"about":[{"href":"https:\/\/maisfm88.com.br\/site\/wp-json\/wp\/v2\/types\/post"}],"author":[{"embeddable":true,"href":"https:\/\/maisfm88.com.br\/site\/wp-json\/wp\/v2\/users\/4"}],"replies":[{"embeddable":true,"href":"https:\/\/maisfm88.com.br\/site\/wp-json\/wp\/v2\/comments?post=6756"}],"version-history":[{"count":1,"href":"https:\/\/maisfm88.com.br\/site\/wp-json\/wp\/v2\/posts\/6756\/revisions"}],"predecessor-version":[{"id":6757,"href":"https:\/\/maisfm88.com.br\/site\/wp-json\/wp\/v2\/posts\/6756\/revisions\/6757"}],"wp:attachment":[{"href":"https:\/\/maisfm88.com.br\/site\/wp-json\/wp\/v2\/media?parent=6756"}],"wp:term":[{"taxonomy":"category","embeddable":true,"href":"https:\/\/maisfm88.com.br\/site\/wp-json\/wp\/v2\/categories?post=6756"},{"taxonomy":"post_tag","embeddable":true,"href":"https:\/\/maisfm88.com.br\/site\/wp-json\/wp\/v2\/tags?post=6756"}],"curies":[{"name":"wp","href":"https:\/\/api.w.org\/{rel}","templated":true}]}}