{"id":6753,"date":"2026-04-26T22:14:30","date_gmt":"2026-04-27T01:14:30","guid":{"rendered":"https:\/\/maisfm88.com.br\/site\/?p=6753"},"modified":"2026-04-26T22:14:30","modified_gmt":"2026-04-27T01:14:30","slug":"caetano-veloso-no-rio-caetano-veloso-brilha-em-encontro-memoravel-no-rio","status":"publish","type":"post","link":"https:\/\/maisfm88.com.br\/site\/caetano-veloso-no-rio-caetano-veloso-brilha-em-encontro-memoravel-no-rio\/","title":{"rendered":"Caetano Veloso Brilha em Encontro Memor\u00e1vel no Rio"},"content":{"rendered":"<p>A cena cultural carioca foi palco de um evento que ressoou como um verdadeiro hino \u00e0 m\u00fasica popular brasileira, e um de seus maiores \u00edcones, <strong>Caetano Veloso<\/strong>, marcou presen\u00e7a de forma inesquec\u00edvel. Em uma noite que celebrou a arte e a amizade, o cantor e compositor baiano, cuja trajet\u00f3ria se confunde com a pr\u00f3pria hist\u00f3ria da MPB, participou de um espet\u00e1culo que reuniu diversas gera\u00e7\u00f5es de talentos e admiradores. Sua apari\u00e7\u00e3o n\u00e3o foi apenas um mero comparecimento, mas um momento que sublinhou a perene relev\u00e2ncia e o poder aglutinador de sua figura no panorama art\u00edstico nacional.<\/p>\n<p>O Rio de Janeiro, com sua atmosfera efervescente e seu hist\u00f3rico de grandes encontros musicais, foi o cen\u00e1rio perfeito para este momento. A presen\u00e7a de Caetano Veloso em eventos como este n\u00e3o apenas eleva o patamar da ocasi\u00e3o, mas tamb\u00e9m serve como um lembrete v\u00edvido da riqueza e da profundidade da cultura musical do Brasil. Para a R\u00e1dio Social Plus Brasil, \u00e9 fundamental registrar e celebrar esses acontecimentos que reafirmam a vitalidade de nossos artistas e a conex\u00e3o que eles estabelecem com seu p\u00fablico e com seus pares.<\/p>\n<h2>Um Encontro de Gigantes da M\u00fasica Brasileira<\/h2>\n<p>O palco da cidade maravilhosa testemunhou uma constela\u00e7\u00e3o de estrelas. O evento em quest\u00e3o, que teve como anfitri\u00e3 a talentosa Marina Lima \u2013 cuja obra tamb\u00e9m \u00e9 um pilar da m\u00fasica brasileira \u2013, se transformou em uma verdadeira celebra\u00e7\u00e3o da amizade e da arte. Embora Marina Lima fosse o centro das aten\u00e7\u00f5es, a presen\u00e7a de figuras como <strong>Caetano Veloso<\/strong>, ao lado de outros nomes de peso como Ney Matogrosso, conferiu um brilho particular e uma dimens\u00e3o hist\u00f3rica \u00e0 noite. A plateia, composta por um p\u00fablico diversificado e por personalidades como Humberto Carr\u00e3o, Luisa Arraes e Let\u00edcia Spiller, vibrou a cada can\u00e7\u00e3o e a cada intera\u00e7\u00e3o.<\/p>\n<p>A participa\u00e7\u00e3o de Caetano Veloso n\u00e3o se limitou a um simples aceno; ele se integrou \u00e0 atmosfera do show, demonstrando sua habitual eleg\u00e2ncia e profundidade art\u00edstica. Momentos como esses s\u00e3o preciosos, pois permitem ao p\u00fablico presenciar a troca de energia entre artistas que, embora de diferentes gera\u00e7\u00f5es ou estilos, compartilham um amor profundo pela m\u00fasica e pela capacidade de emocionar. A sinergia entre os m\u00fasicos no palco e a resposta calorosa da plateia transformaram a noite em um marco cultural, evidenciando a for\u00e7a da arte em unir pessoas e celebrar a vida.<\/p>\n<h3>A Relev\u00e2ncia da Participa\u00e7\u00e3o de Caetano<\/h3>\n<p>A presen\u00e7a de Caetano Veloso em qualquer evento \u00e9, por si s\u00f3, um acontecimento. Sua carreira, que atravessa d\u00e9cadas, \u00e9 marcada por inova\u00e7\u00f5es, poesia e um engajamento profundo com as quest\u00f5es sociais e culturais do Brasil. Ver Caetano no palco, seja em um show solo ou em uma participa\u00e7\u00e3o especial, \u00e9 ter a certeza de que a arte est\u00e1 sendo vivenciada em sua plenitude. Sua capacidade de se reinventar, de dialogar com novas tend\u00eancias e de manter a originalidade de sua obra o consagra como um artista atemporal.<\/p>\n<p>Em um contexto onde a m\u00fasica se transforma constantemente, a presen\u00e7a de \u00edcones como Caetano serve como um elo entre o passado, o presente e o futuro. Ele inspira novas gera\u00e7\u00f5es de artistas e mant\u00e9m viva a chama da complexidade l\u00edrica e mel\u00f3dica que sempre caracterizou a m\u00fasica brasileira de alta qualidade. Sua participa\u00e7\u00e3o neste show espec\u00edfico n\u00e3o foi apenas um gesto de apoio a uma colega, mas uma reafirma\u00e7\u00e3o de seu papel central como guardi\u00e3o e inovador da cultura musical do pa\u00eds.<\/p>\n<h2>Legado e Atualidade: O Eterno Caetano<\/h2>\n<p>Desde os tempos do Tropicalismo, Caetano Veloso tem sido uma for\u00e7a motriz na cultura brasileira. Sua obra \u00e9 um mosaico de refer\u00eancias, que v\u00e3o da bossa nova ao rock, da poesia concreta \u00e0 filosofia, sempre com uma assinatura \u00fanica. Ele n\u00e3o apenas comp\u00f4s can\u00e7\u00f5es que se tornaram hinos, mas tamb\u00e9m desafiou normas, provocou reflex\u00f5es e abriu caminhos para a liberdade de express\u00e3o art\u00edstica. Seu impacto \u00e9 sentido em cada esquina da m\u00fasica e da cultura brasileira.<\/p>\n<p>Mesmo ap\u00f3s tantos anos de carreira, <strong>Caetano Veloso<\/strong> continua produzindo, excursionando e participando ativamente da vida cultural. Sua curiosidade intelectual e sua capacidade de absorver e reinterpretar o mundo ao seu redor o mant\u00eam sempre relevante. Ele \u00e9 um artista que n\u00e3o se acomoda, que est\u00e1 em constante movimento, e \u00e9 essa vitalidade que o torna t\u00e3o fascinante para diferentes p\u00fablicos e gera\u00e7\u00f5es. A cada nova apari\u00e7\u00e3o, Caetano nos lembra do poder da arte de transcender o tempo e as barreiras.<\/p>\n<h3>A Magia dos Palcos Cariocas<\/h3>\n<p>O Rio de Janeiro tem uma rela\u00e7\u00e3o intr\u00ednseca com a m\u00fasica brasileira. Seus palcos j\u00e1 viram nascer e se consolidar in\u00fameros movimentos e artistas. A energia da cidade, sua paisagem deslumbrante e seu povo apaixonado pela cultura criam um ambiente \u00fanico para a realiza\u00e7\u00e3o de eventos como o que contou com a participa\u00e7\u00e3o de Caetano Veloso. A experi\u00eancia de assistir a um show no Rio \u00e9 sempre enriquecedora, e quando grandes nomes se unem, a magia \u00e9 ainda maior.<\/p>\n<p>A noite em quest\u00e3o, com a reuni\u00e3o de tantos talentos e a presen\u00e7a marcante de Caetano, refor\u00e7ou o status do Rio como um dos epicentros culturais do Brasil e do mundo. Foi um lembrete de que, apesar dos desafios, a arte persiste, floresce e continua a ser uma fonte inesgot\u00e1vel de alegria e inspira\u00e7\u00e3o para todos.<\/p>\n<p>Em suma, a participa\u00e7\u00e3o de <strong>Caetano Veloso<\/strong> no recente show no Rio de Janeiro foi mais do que um simples evento; foi um testemunho da for\u00e7a da m\u00fasica, da import\u00e2ncia dos encontros art\u00edsticos e do legado imortal de um dos maiores artistas que o Brasil j\u00e1 produziu. A R\u00e1dio Social Plus Brasil segue atenta a esses momentos que engrandecem nossa cultura e celebram nossos talentos.<\/p>\n","protected":false},"excerpt":{"rendered":"<p>A cena cultural carioca foi palco de um evento que ressoou como um verdadeiro hino \u00e0 m\u00fasica popular brasileira, e um de seus maiores \u00edcones, Caetano Veloso, marcou presen\u00e7a de forma inesquec\u00edvel. Em uma noite que celebrou a arte e a amizade, o cantor e compositor baiano, cuja trajet\u00f3ria se confunde com a pr\u00f3pria hist\u00f3ria&#8230;<\/p>\n","protected":false},"author":4,"featured_media":6754,"comment_status":"open","ping_status":"open","sticky":false,"template":"","format":"standard","meta":{"om_disable_all_campaigns":false,"footnotes":""},"categories":[103],"tags":[221,228,110,229,230],"class_list":["post-6753","post","type-post","status-publish","format-standard","has-post-thumbnail","hentry","category-famosos","tag-caetano-veloso","tag-mpb","tag-musica-brasileira","tag-rio-de-janeiro","tag-show","have-post-thumb"],"_links":{"self":[{"href":"https:\/\/maisfm88.com.br\/site\/wp-json\/wp\/v2\/posts\/6753","targetHints":{"allow":["GET"]}}],"collection":[{"href":"https:\/\/maisfm88.com.br\/site\/wp-json\/wp\/v2\/posts"}],"about":[{"href":"https:\/\/maisfm88.com.br\/site\/wp-json\/wp\/v2\/types\/post"}],"author":[{"embeddable":true,"href":"https:\/\/maisfm88.com.br\/site\/wp-json\/wp\/v2\/users\/4"}],"replies":[{"embeddable":true,"href":"https:\/\/maisfm88.com.br\/site\/wp-json\/wp\/v2\/comments?post=6753"}],"version-history":[{"count":1,"href":"https:\/\/maisfm88.com.br\/site\/wp-json\/wp\/v2\/posts\/6753\/revisions"}],"predecessor-version":[{"id":6755,"href":"https:\/\/maisfm88.com.br\/site\/wp-json\/wp\/v2\/posts\/6753\/revisions\/6755"}],"wp:featuredmedia":[{"embeddable":true,"href":"https:\/\/maisfm88.com.br\/site\/wp-json\/wp\/v2\/media\/6754"}],"wp:attachment":[{"href":"https:\/\/maisfm88.com.br\/site\/wp-json\/wp\/v2\/media?parent=6753"}],"wp:term":[{"taxonomy":"category","embeddable":true,"href":"https:\/\/maisfm88.com.br\/site\/wp-json\/wp\/v2\/categories?post=6753"},{"taxonomy":"post_tag","embeddable":true,"href":"https:\/\/maisfm88.com.br\/site\/wp-json\/wp\/v2\/tags?post=6753"}],"curies":[{"name":"wp","href":"https:\/\/api.w.org\/{rel}","templated":true}]}}