{"id":6748,"date":"2026-04-26T15:02:35","date_gmt":"2026-04-26T18:02:35","guid":{"rendered":"https:\/\/maisfm88.com.br\/site\/?p=6748"},"modified":"2026-04-26T15:02:35","modified_gmt":"2026-04-26T18:02:35","slug":"show-marina-lima-marina-lima-celebra-carreira-em-noite-estrelada-no-rio","status":"publish","type":"post","link":"https:\/\/maisfm88.com.br\/site\/show-marina-lima-marina-lima-celebra-carreira-em-noite-estrelada-no-rio\/","title":{"rendered":"Marina Lima Celebra Carreira em Noite Estrelada no Rio"},"content":{"rendered":"<p>O cen\u00e1rio musical carioca foi palco de um evento memor\u00e1vel que ressaltou a atemporalidade e a relev\u00e2ncia de uma das maiores vozes da m\u00fasica brasileira. A lend\u00e1ria cantora e compositora <strong>Marina Lima<\/strong>, em um <em>show Marina Lima<\/em> que j\u00e1 se tornou um marco, reuniu uma constela\u00e7\u00e3o de talentos e f\u00e3s no Rio de Janeiro, reafirmando seu lugar de destaque no pante\u00e3o dos grandes artistas nacionais. Mais do que uma simples apresenta\u00e7\u00e3o, foi uma celebra\u00e7\u00e3o de uma trajet\u00f3ria rica, marcada por inova\u00e7\u00e3o e poesia, que continua a encantar gera\u00e7\u00f5es.<\/p>\n<p>Para quem acompanha a m\u00fasica brasileira, Marina Lima \u00e9 sin\u00f4nimo de sofistica\u00e7\u00e3o, ousadia e letras que tocam a alma. Desde os anos 80, ela tem sido uma for\u00e7a transformadora, transitando com maestria entre o pop, o rock e a MPB, sempre com uma identidade sonora e visual muito particular. Suas can\u00e7\u00f5es, muitas delas cl\u00e1ssicos incontest\u00e1veis, exploram temas como amor, desejo, liberdade e os desafios da exist\u00eancia, com uma profundidade que transcende o tempo. Sua voz grave e interpreta\u00e7\u00e3o visceral a estabeleceram como uma artista singular, capaz de criar atmosferas \u00fanicas em suas composi\u00e7\u00f5es. A cada novo trabalho, Marina demonstra uma capacidade \u00edmpar de se reinventar, mantendo-se sempre atual sem perder a ess\u00eancia que a define.<\/p>\n<h2>Uma Noite de Emo\u00e7\u00f5es e Encontros<\/h2>\n<p>A recente apresenta\u00e7\u00e3o de Marina Lima no Rio de Janeiro n\u00e3o foi apenas um concerto, mas um verdadeiro acontecimento cultural. O palco se transformou em um espa\u00e7o de converg\u00eancia art\u00edstica, onde a energia da cantora se encontrou com a admira\u00e7\u00e3o do p\u00fablico e a rever\u00eancia de colegas de profiss\u00e3o. A plateia, repleta de rostos conhecidos do universo art\u00edstico, como Humberto Carr\u00e3o, Luisa Arraes e Let\u00edcia Spiller, era um testemunho do impacto multifacetado de Marina. A atmosfera era de pura celebra\u00e7\u00e3o, com cada can\u00e7\u00e3o sendo recebida com entusiasmo, e a cada solo, a emo\u00e7\u00e3o tomava conta.<\/p>\n<h3>Convidados de Peso Elevam o Espet\u00e1culo<\/h3>\n<p>O ponto alto da noite, e o que mais reverberou nos c\u00edrculos culturais, foi a participa\u00e7\u00e3o de dois \u00edcones absolutos da m\u00fasica brasileira: <strong>Caetano Veloso<\/strong> e <strong>Ney Matogrosso<\/strong>. A presen\u00e7a desses gigantes ao lado de Marina Lima n\u00e3o s\u00f3 enriqueceu o espet\u00e1culo com performances memor\u00e1veis, mas tamb\u00e9m simbolizou o respeito e a admira\u00e7\u00e3o m\u00fatua entre esses pilares da nossa cultura. Caetano Veloso, com sua genialidade po\u00e9tica e mel\u00f3dica, e Ney Matogrosso, com sua performance teatral e voz inconfund\u00edvel, uniram-se a Marina em momentos que ficar\u00e3o gravados na mem\u00f3ria dos presentes. Esses duetos n\u00e3o foram apenas n\u00fameros musicais, mas di\u00e1logos art\u00edsticos que cruzaram gera\u00e7\u00f5es e estilos, mostrando a for\u00e7a da colabora\u00e7\u00e3o e da amizade no cen\u00e1rio musical. A qu\u00edmica no palco era palp\u00e1vel, e a cada intera\u00e7\u00e3o, o p\u00fablico era presenteado com uma dose extra de magia e talento.<\/p>\n<h2>O Legado de Marina Lima em Destaque<\/h2>\n<p>Este evento recente serve como um lembrete poderoso do legado duradouro de Marina Lima. Em uma ind\u00fastria que muitas vezes prioriza o ef\u00eamero, a cantora se mant\u00e9m relevante por meio de sua arte aut\u00eantica e inabal\u00e1vel. Suas m\u00fasicas continuam a ser descobertas por novas gera\u00e7\u00f5es, enquanto os f\u00e3s de longa data reencontram em cada nota a trilha sonora de suas vidas. A capacidade de Marina de se conectar com o p\u00fablico de forma t\u00e3o profunda, seja atrav\u00e9s de baladas introspectivas ou de batidas dan\u00e7antes, \u00e9 uma prova de seu talento excepcional. Ela n\u00e3o apenas canta; ela interpreta, ela vive cada palavra, transformando suas apresenta\u00e7\u00f5es em experi\u00eancias cat\u00e1rticas.<\/p>\n<h3>A Influ\u00eancia de uma Vision\u00e1ria<\/h3>\n<p>Marina Lima n\u00e3o \u00e9 apenas uma cantora; ela \u00e9 uma vision\u00e1ria que ajudou a moldar a paisagem da m\u00fasica pop brasileira. Sua atitude destemida, sua experimenta\u00e7\u00e3o sonora e sua autenticidade a tornaram um \u00edcone para muitos. O show no Rio, com a presen\u00e7a de tantos admiradores e colegas, refor\u00e7ou essa posi\u00e7\u00e3o. \u00c9 uma celebra\u00e7\u00e3o n\u00e3o apenas de suas conquistas passadas, mas tamb\u00e9m de sua vitalidade cont\u00ednua como artista. Em um mundo em constante mudan\u00e7a, a arte de Marina Lima permanece como um farol de criatividade e integridade.<\/p>\n<h2>Olhando para o Futuro: A Eternidade da M\u00fasica de Marina Lima<\/h2>\n<p>A noite estrelada no Rio de Janeiro foi mais do que um concerto; foi um tributo \u00e0 longevidade e \u00e0 profundidade da arte de Marina Lima. A uni\u00e3o de diferentes gera\u00e7\u00f5es de artistas e a presen\u00e7a de uma plateia t\u00e3o diversificada demonstram que a m\u00fasica de Marina \u00e9 universal e atemporal. Ela continua a inspirar, a provocar e a emocionar, consolidando seu status como uma das mais importantes artistas do Brasil. Que venham muitos outros shows e muitas outras can\u00e7\u00f5es, pois a voz e a vis\u00e3o de Marina Lima s\u00e3o tesouros que a cultura brasileira n\u00e3o pode prescindir. Seu brilho no palco, ao lado de amigos t\u00e3o queridos, foi um lembrete de que a verdadeira arte transcende modismos e permanece eterna.<\/p>\n","protected":false},"excerpt":{"rendered":"<p>O cen\u00e1rio musical carioca foi palco de um evento memor\u00e1vel que ressaltou a atemporalidade e a relev\u00e2ncia de uma das maiores vozes da m\u00fasica brasileira. A lend\u00e1ria cantora e compositora Marina Lima, em um show Marina Lima que j\u00e1 se tornou um marco, reuniu uma constela\u00e7\u00e3o de talentos e f\u00e3s no Rio de Janeiro, reafirmando&#8230;<\/p>\n","protected":false},"author":4,"featured_media":6749,"comment_status":"open","ping_status":"open","sticky":false,"template":"","format":"standard","meta":{"om_disable_all_campaigns":false,"footnotes":""},"categories":[103],"tags":[221,109,220,110,222],"class_list":["post-6748","post","type-post","status-publish","format-standard","has-post-thumbnail","hentry","category-famosos","tag-caetano-veloso","tag-celebridades","tag-marina-lima","tag-musica-brasileira","tag-ney-matogrosso","have-post-thumb"],"_links":{"self":[{"href":"https:\/\/maisfm88.com.br\/site\/wp-json\/wp\/v2\/posts\/6748","targetHints":{"allow":["GET"]}}],"collection":[{"href":"https:\/\/maisfm88.com.br\/site\/wp-json\/wp\/v2\/posts"}],"about":[{"href":"https:\/\/maisfm88.com.br\/site\/wp-json\/wp\/v2\/types\/post"}],"author":[{"embeddable":true,"href":"https:\/\/maisfm88.com.br\/site\/wp-json\/wp\/v2\/users\/4"}],"replies":[{"embeddable":true,"href":"https:\/\/maisfm88.com.br\/site\/wp-json\/wp\/v2\/comments?post=6748"}],"version-history":[{"count":1,"href":"https:\/\/maisfm88.com.br\/site\/wp-json\/wp\/v2\/posts\/6748\/revisions"}],"predecessor-version":[{"id":6750,"href":"https:\/\/maisfm88.com.br\/site\/wp-json\/wp\/v2\/posts\/6748\/revisions\/6750"}],"wp:featuredmedia":[{"embeddable":true,"href":"https:\/\/maisfm88.com.br\/site\/wp-json\/wp\/v2\/media\/6749"}],"wp:attachment":[{"href":"https:\/\/maisfm88.com.br\/site\/wp-json\/wp\/v2\/media?parent=6748"}],"wp:term":[{"taxonomy":"category","embeddable":true,"href":"https:\/\/maisfm88.com.br\/site\/wp-json\/wp\/v2\/categories?post=6748"},{"taxonomy":"post_tag","embeddable":true,"href":"https:\/\/maisfm88.com.br\/site\/wp-json\/wp\/v2\/tags?post=6748"}],"curies":[{"name":"wp","href":"https:\/\/api.w.org\/{rel}","templated":true}]}}