{"id":6742,"date":"2026-04-26T06:01:10","date_gmt":"2026-04-26T09:01:10","guid":{"rendered":"https:\/\/maisfm88.com.br\/site\/?p=6742"},"modified":"2026-04-26T06:01:10","modified_gmt":"2026-04-26T09:01:10","slug":"marcos-mion-caldeirao-marcos-mion-e-o-caldeirao-celebrando-novos-talentos","status":"publish","type":"post","link":"https:\/\/maisfm88.com.br\/site\/marcos-mion-caldeirao-marcos-mion-e-o-caldeirao-celebrando-novos-talentos\/","title":{"rendered":"Marcos Mion e o Caldeir\u00e3o: Celebrando Novos Talentos"},"content":{"rendered":"<p>No efervescente cen\u00e1rio televisivo brasileiro, poucos nomes conseguem capturar a aten\u00e7\u00e3o do p\u00fablico com a mesma energia e carisma que <strong>Marcos Mion<\/strong>. Desde sua chegada \u00e0 TV Globo e, especialmente, \u00e0 frente do <em>Caldeir\u00e3o com Mion<\/em>, o apresentador tem redefinido o conceito de entretenimento nas tardes de s\u00e1bado, transformando o programa em um verdadeiro palco de oportunidades para diversos talentos. Recentemente, o quadro <em>Dupla do Brasil<\/em>, uma das joias do programa, voltou a ser destaque, com vozes promissoras avan\u00e7ando para a pr\u00f3xima fase, refor\u00e7ando o compromisso de Mion em revelar e celebrar a nova gera\u00e7\u00e3o da m\u00fasica nacional.<\/p>\n<h2>A Jornada de Marcos Mion na TV Globo: Um Novo Cap\u00edtulo de Sucesso<\/h2>\n<p>A trajet\u00f3ria de Marcos Mion \u00e9 marcada por uma evolu\u00e7\u00e3o constante e uma capacidade \u00edmpar de se reinventar. Conhecido por sua autenticidade e paix\u00e3o pela cultura pop, Mion conquistou uma legi\u00e3o de f\u00e3s em diferentes emissoras antes de desembarcar na TV Globo. Sua chegada ao comando do <em>Caldeir\u00e3o<\/em>, em 2021, foi um divisor de \u00e1guas, injetando uma nova dose de vitalidade e modernidade ao formato. Ele n\u00e3o apenas preencheu um espa\u00e7o, mas o transformou, imprimindo sua identidade em cada detalhe, desde os figurinos ic\u00f4nicos at\u00e9 a forma descontra\u00edda e emp\u00e1tica de interagir com convidados e plateia.<\/p>\n<p>Mion conseguiu transitar com maestria entre o humor, a emo\u00e7\u00e3o e a valoriza\u00e7\u00e3o de hist\u00f3rias inspiradoras, consolidando o <strong>Caldeir\u00e3o com Mion<\/strong> como um dos programas mais queridos da televis\u00e3o brasileira. Sua experi\u00eancia e versatilidade se tornaram a base para um ambiente televisivo que, al\u00e9m de divertir, oferece espa\u00e7o para sonhos e aspira\u00e7\u00f5es, especialmente no campo art\u00edstico.<\/p>\n<h2>O Caldeir\u00e3o como Palco de Oportunidades: Al\u00e9m do Entretenimento<\/h2>\n<p>Mais do que um programa de audit\u00f3rio, o <em>Caldeir\u00e3o com Mion<\/em> se estabeleceu como uma plataforma essencial para a descoberta e o lan\u00e7amento de novos talentos em diversas \u00e1reas. A vis\u00e3o de Mion e da equipe por tr\u00e1s do programa \u00e9 clara: proporcionar visibilidade para artistas que, muitas vezes, batalham por uma chance no cen\u00e1rio nacional. \u00c9 nesse contexto que quadros como o <em>Dupla do Brasil<\/em> ganham uma relev\u00e2ncia ainda maior, tornando-se um catalisador para a renova\u00e7\u00e3o da cena musical.<\/p>\n<p>A diversidade de talentos que passam pelo palco do <strong>Caldeir\u00e3o<\/strong> \u00e9 um reflexo do compromisso do programa em abra\u00e7ar diferentes estilos e vozes, demonstrando que a televis\u00e3o aberta ainda possui um papel fundamental na proje\u00e7\u00e3o de carreiras. Mion, com seu olhar atento e sua sensibilidade, atua como um verdadeiro mentor e incentivador para esses artistas em ascens\u00e3o, criando um elo genu\u00edno com cada participante.<\/p>\n<h3>Dupla do Brasil: Uma Vitrine para a M\u00fasica em Ascens\u00e3o<\/h3>\n<p>O quadro <em>Dupla do Brasil<\/em> \u00e9 um dos grandes destaques do <em>Caldeir\u00e3o com Mion<\/em>, focado em encontrar e celebrar as melhores duplas vocais do pa\u00eds. Recentemente, a emo\u00e7\u00e3o tomou conta do palco quando diversas vozes talentosas avan\u00e7aram para a pr\u00f3xima fase da competi\u00e7\u00e3o, demonstrando o alto n\u00edvel dos participantes e o rigor da sele\u00e7\u00e3o. Este avan\u00e7o n\u00e3o \u00e9 apenas um passo na competi\u00e7\u00e3o; \u00e9 um reconhecimento do potencial e do trabalho \u00e1rduo desses artistas.<\/p>\n<p>A cada apresenta\u00e7\u00e3o, Mion n\u00e3o se limita a conduzir o quadro; ele participa ativamente, compartilhando a ansiedade, a alegria e at\u00e9 mesmo o nervosismo dos competidores. Sua empatia \u00e9 palp\u00e1vel, criando um ambiente de acolhimento que permite que os talentos se sintam \u00e0 vontade para mostrar o seu melhor. O sucesso do <em>Dupla do Brasil<\/em> reside n\u00e3o apenas na qualidade musical, mas tamb\u00e9m na forma como o programa humaniza a jornada desses artistas, conectando-os diretamente com o p\u00fablico brasileiro.<\/p>\n<h3>O Toque Pessoal de Mion na Condu\u00e7\u00e3o de Talentos<\/h3>\n<p>O que diferencia Marcos Mion na condu\u00e7\u00e3o de quadros de talentos \u00e9, sem d\u00favida, seu toque pessoal. Ele n\u00e3o \u00e9 apenas um apresentador; \u00e9 um entusiasta da arte e um comunicador que sabe como extrair o melhor de cada hist\u00f3ria. Sua capacidade de se conectar com os participantes em um n\u00edvel mais profundo, oferecendo palavras de encorajamento e celebrando cada pequena vit\u00f3ria, faz com que o <em>Caldeir\u00e3o<\/em> seja mais do que um concurso \u2013 \u00e9 uma experi\u00eancia transformadora.<\/p>\n<p>Mion entende a import\u00e2ncia de dar espa\u00e7o e voz a quem est\u00e1 come\u00e7ando. Ele usa sua plataforma para amplificar mensagens de perseveran\u00e7a e paix\u00e3o, inspirando n\u00e3o s\u00f3 os competidores, mas tamb\u00e9m a audi\u00eancia em casa. Essa abordagem aut\u00eantica e respeitosa \u00e9 um dos pilares que sustentam a credibilidade e o carisma do <strong>Marcos Mion<\/strong> no cen\u00e1rio televisivo atual.<\/p>\n<h2>Impacto e Relev\u00e2ncia no Cen\u00e1rio Musical Brasileiro<\/h2>\n<p>Programas como o <em>Caldeir\u00e3o com Mion<\/em>, com iniciativas como o <em>Dupla do Brasil<\/em>, desempenham um papel crucial na renova\u00e7\u00e3o do cen\u00e1rio musical brasileiro. Ao abrir espa\u00e7o para artistas emergentes, a televis\u00e3o n\u00e3o s\u00f3 oferece uma plataforma de visibilidade massiva, mas tamb\u00e9m contribui para a diversifica\u00e7\u00e3o dos g\u00eaneros e estilos que chegam ao grande p\u00fablico. Muitos talentos que hoje brilham nos palcos do Brasil deram seus primeiros passos em programas de audit\u00f3rio, e o <strong>Caldeir\u00e3o<\/strong> continua essa tradi\u00e7\u00e3o com maestria.<\/p>\n<p>A cada fase que avan\u00e7a no <em>Dupla do Brasil<\/em>, mais artistas s\u00e3o apresentados, mais hist\u00f3rias s\u00e3o contadas e mais sonhos s\u00e3o impulsionados. \u00c9 um ciclo virtuoso que beneficia tanto os artistas, que ganham proje\u00e7\u00e3o, quanto o p\u00fablico, que tem acesso a novas e inspiradoras vozes. Marcos Mion, com sua dedica\u00e7\u00e3o e carisma, \u00e9 o maestro dessa orquestra de talentos, garantindo que o legado de descoberta e celebra\u00e7\u00e3o continue vivo na televis\u00e3o brasileira.<\/p>\n<p>Em suma, <strong>Marcos Mion<\/strong> e o <em>Caldeir\u00e3o<\/em> se consolidam como um pilar fundamental no entretenimento nacional, n\u00e3o s\u00f3 pela divers\u00e3o que proporcionam, mas pela valiosa contribui\u00e7\u00e3o na forma\u00e7\u00e3o de novos \u00eddolos e na valoriza\u00e7\u00e3o da rica tape\u00e7aria musical do Brasil. Com o sucesso cont\u00ednuo de quadros como o <em>Dupla do Brasil<\/em>, o futuro parece promissor para os talentos que encontram no programa de Mion o trampolim para o estrelato.<\/p>\n","protected":false},"excerpt":{"rendered":"<p>No efervescente cen\u00e1rio televisivo brasileiro, poucos nomes conseguem capturar a aten\u00e7\u00e3o do p\u00fablico com a mesma energia e carisma que Marcos Mion. Desde sua chegada \u00e0 TV Globo e, especialmente, \u00e0 frente do Caldeir\u00e3o com Mion, o apresentador tem redefinido o conceito de entretenimento nas tardes de s\u00e1bado, transformando o programa em um verdadeiro palco&#8230;<\/p>\n","protected":false},"author":4,"featured_media":0,"comment_status":"open","ping_status":"open","sticky":false,"template":"","format":"standard","meta":{"om_disable_all_campaigns":false,"footnotes":""},"categories":[103],"tags":[212,175,147,211,213],"class_list":["post-6742","post","type-post","status-publish","format-standard","hentry","category-famosos","tag-caldeirao","tag-entretenimento","tag-globo","tag-marcos-mion","tag-musica"],"_links":{"self":[{"href":"https:\/\/maisfm88.com.br\/site\/wp-json\/wp\/v2\/posts\/6742","targetHints":{"allow":["GET"]}}],"collection":[{"href":"https:\/\/maisfm88.com.br\/site\/wp-json\/wp\/v2\/posts"}],"about":[{"href":"https:\/\/maisfm88.com.br\/site\/wp-json\/wp\/v2\/types\/post"}],"author":[{"embeddable":true,"href":"https:\/\/maisfm88.com.br\/site\/wp-json\/wp\/v2\/users\/4"}],"replies":[{"embeddable":true,"href":"https:\/\/maisfm88.com.br\/site\/wp-json\/wp\/v2\/comments?post=6742"}],"version-history":[{"count":1,"href":"https:\/\/maisfm88.com.br\/site\/wp-json\/wp\/v2\/posts\/6742\/revisions"}],"predecessor-version":[{"id":6743,"href":"https:\/\/maisfm88.com.br\/site\/wp-json\/wp\/v2\/posts\/6742\/revisions\/6743"}],"wp:attachment":[{"href":"https:\/\/maisfm88.com.br\/site\/wp-json\/wp\/v2\/media?parent=6742"}],"wp:term":[{"taxonomy":"category","embeddable":true,"href":"https:\/\/maisfm88.com.br\/site\/wp-json\/wp\/v2\/categories?post=6742"},{"taxonomy":"post_tag","embeddable":true,"href":"https:\/\/maisfm88.com.br\/site\/wp-json\/wp\/v2\/tags?post=6742"}],"curies":[{"name":"wp","href":"https:\/\/api.w.org\/{rel}","templated":true}]}}