{"id":6738,"date":"2026-04-25T19:00:57","date_gmt":"2026-04-25T22:00:57","guid":{"rendered":"https:\/\/maisfm88.com.br\/site\/?p=6738"},"modified":"2026-04-25T19:00:57","modified_gmt":"2026-04-25T22:00:57","slug":"a-fada-das-bundas-mais-que-estetica-um-legado-de-saude","status":"publish","type":"post","link":"https:\/\/maisfm88.com.br\/site\/a-fada-das-bundas-mais-que-estetica-um-legado-de-saude\/","title":{"rendered":"A &#8216;Fada das Bundas&#8217;: Mais que Est\u00e9tica, Um Legado de Sa\u00fade"},"content":{"rendered":"<p>No efervescente universo das celebridades e personalidades que ditam tend\u00eancias e inspiram milh\u00f5es, uma figura tem se destacado de maneira singular, conquistando um apelido que, \u00e0 primeira vista, pode soar inusitado, mas que reflete a ess\u00eancia de seu trabalho transformador. Conhecida carinhosamente como a <strong>&#8216;Fada das Bundas&#8217;<\/strong>, esta personal trainer tem impressionado o p\u00fablico e a m\u00eddia n\u00e3o apenas pelas not\u00e1veis transforma\u00e7\u00f5es f\u00edsicas que promove em seus clientes, mas tamb\u00e9m pela profunda abordagem que dedica \u00e0 sa\u00fade integral e ao bem-estar. Longe de ser apenas um t\u00edtulo divertido, o apelido simboliza uma metodologia que vai muito al\u00e9m da est\u00e9tica, focando na constru\u00e7\u00e3o de corpos fortes, saud\u00e1veis e, acima de tudo, funcionais.<\/p>\n<h2>O Fen\u00f4meno Por Tr\u00e1s do Apelido Cativante<\/h2>\n<p>Em um cen\u00e1rio onde a busca pelo corpo ideal muitas vezes \u00e9 pautada por modismos e solu\u00e7\u00f5es r\u00e1pidas, a &#8216;Fada das Bundas&#8217; emergiu como uma voz aut\u00eantica e eficaz. Seu apelido, que rapidamente se popularizou, \u00e9 um testemunho da sua especializa\u00e7\u00e3o e dos resultados vis\u00edveis que ela ajuda a alcan\u00e7ar, especialmente na regi\u00e3o dos gl\u00fateos \u2013 um dos pontos mais desejados e desafiadores para muitos que buscam aprimoramento f\u00edsico. No entanto, reduzir seu trabalho a apenas uma parte do corpo seria subestimar a complexidade e a profundidade de sua atua\u00e7\u00e3o.<\/p>\n<p>Ela se consolidou como uma refer\u00eancia no universo fitness por sua capacidade de entender as necessidades individuais, tra\u00e7ar planos de treino e alimenta\u00e7\u00e3o personalizados e, mais importante, motivar seus alunos a superarem seus pr\u00f3prios limites. A personal trainer demonstra um conhecimento aprofundado em anatomia, fisiologia e biomec\u00e2nica, o que lhe permite criar programas de exerc\u00edcios seguros e extremamente eficientes. Sua comunica\u00e7\u00e3o clara e seu carisma a tornaram uma figura querida e respeitada, tanto entre seus clientes quanto em sua crescente base de seguidores nas redes sociais.<\/p>\n<h2>A Filosofia da Transforma\u00e7\u00e3o: Al\u00e9m da Est\u00e9tica<\/h2>\n<p>A &#8216;Fada das Bundas&#8217; n\u00e3o vende apenas um corpo bonito; ela prop\u00f5e uma mudan\u00e7a de estilo de vida. Sua filosofia de trabalho \u00e9 firmemente ancorada na premissa de que a verdadeira transforma\u00e7\u00e3o \u00e9 aquela que abra\u00e7a a sa\u00fade em sua totalidade. Para ela, um corpo esteticamente agrad\u00e1vel \u00e9 uma consequ\u00eancia natural de um organismo bem cuidado, nutrido e fortalecido. Este discurso ressoa profundamente em um p\u00fablico que, cada vez mais, busca equil\u00edbrio e longevidade, em vez de apenas uma imagem passageira.<\/p>\n<p>Em suas orienta\u00e7\u00f5es, h\u00e1 um constante refor\u00e7o sobre a import\u00e2ncia da alimenta\u00e7\u00e3o balanceada, da hidrata\u00e7\u00e3o adequada, de um sono reparador e da gest\u00e3o do estresse. Ela defende que esses pilares s\u00e3o t\u00e3o cruciais quanto o pr\u00f3prio treino f\u00edsico para se atingir resultados duradouros e, principalmente, para manter a sa\u00fade em dia. Sua abordagem hol\u00edstica desmistifica a ideia de que sacrif\u00edcios extremos s\u00e3o o \u00fanico caminho para o sucesso, mostrando que consist\u00eancia, paci\u00eancia e uma rela\u00e7\u00e3o saud\u00e1vel com o pr\u00f3prio corpo s\u00e3o muito mais eficazes.<\/p>\n<h3>Personaliza\u00e7\u00e3o e Resultados Duradouros<\/h3>\n<p>Um dos grandes diferenciais da &#8216;Fada das Bundas&#8217; \u00e9 sua capacidade de adaptar programas de treino e estrat\u00e9gias para cada indiv\u00edduo. Ela compreende que cada corpo \u00e9 \u00fanico, com suas pr\u00f3prias particularidades, desafios e objetivos. Ao inv\u00e9s de aplicar f\u00f3rmulas prontas, ela realiza uma an\u00e1lise minuciosa, levando em considera\u00e7\u00e3o hist\u00f3rico de sa\u00fade, n\u00edvel de condicionamento f\u00edsico, rotina e prefer\u00eancias pessoais. Essa personaliza\u00e7\u00e3o garante n\u00e3o s\u00f3 a efic\u00e1cia dos exerc\u00edcios, mas tamb\u00e9m a seguran\u00e7a e o prazer durante o processo.<\/p>\n<p>Os resultados que ela ajuda a construir s\u00e3o, portanto, mais do que visuais. S\u00e3o resultados que se traduzem em maior disposi\u00e7\u00e3o, melhora da autoestima, preven\u00e7\u00e3o de les\u00f5es e um aumento significativo na qualidade de vida. Seus clientes frequentemente relatam sentir-se mais fortes, mais energ\u00e9ticos e mais confiantes, o que demonstra o impacto positivo de sua metodologia para al\u00e9m do espelho.<\/p>\n<h2>Influ\u00eancia Digital e o Di\u00e1logo Sobre Bem-Estar<\/h2>\n<p>Em um mundo cada vez mais conectado, a &#8216;Fada das Bundas&#8217; soube utilizar as plataformas digitais para expandir sua mensagem e alcan\u00e7ar um p\u00fablico ainda maior. Suas redes sociais n\u00e3o s\u00e3o apenas um palco para exibir as impressionantes transforma\u00e7\u00f5es de seus alunos, mas tamb\u00e9m um espa\u00e7o para compartilhar informa\u00e7\u00f5es valiosas sobre sa\u00fade, desmistificar mitos do universo fitness e promover um di\u00e1logo aberto sobre bem-estar e autoaceita\u00e7\u00e3o. Ela inspira seus seguidores a adotarem h\u00e1bitos saud\u00e1veis de forma consciente e prazerosa, sem a press\u00e3o de padr\u00f5es inating\u00edveis.<\/p>\n<p>Atrav\u00e9s de suas postagens e intera\u00e7\u00f5es, ela encoraja as pessoas a celebrarem suas conquistas, por menores que sejam, e a cultivarem uma rela\u00e7\u00e3o de carinho e respeito com seus pr\u00f3prios corpos. Ela \u00e9 uma voz ativa na promo\u00e7\u00e3o da sa\u00fade mental, refor\u00e7ando que o cuidado com o corpo e a mente andam de m\u00e3os dadas, e que a busca por um f\u00edsico ideal n\u00e3o deve comprometer o equil\u00edbrio emocional. Sua autenticidade e paix\u00e3o pelo que faz a tornam uma influenciadora genu\u00edna e inspiradora.<\/p>\n<h2>Um Legado de Empoderamento e Sa\u00fade<\/h2>\n<p>A trajet\u00f3ria da &#8216;Fada das Bundas&#8217; \u00e9 um exemplo not\u00e1vel de como a paix\u00e3o, o conhecimento e uma abordagem humanizada podem gerar um impacto significativo na vida das pessoas. Ela transcendeu o papel tradicional de personal trainer para se tornar uma mentora e uma fonte de inspira\u00e7\u00e3o para muitos que buscam uma vida mais saud\u00e1vel e feliz. Seu legado n\u00e3o se mede apenas pelas transforma\u00e7\u00f5es est\u00e9ticas, mas principalmente pela capacidade de empoderar indiv\u00edduos a assumirem o controle de sua pr\u00f3pria sa\u00fade e a descobrirem o potencial ilimitado de seus corpos.<\/p>\n<p>Em um cen\u00e1rio onde a imagem \u00e9 frequentemente supervalorizada, a &#8216;Fada das Bundas&#8217; nos lembra que a verdadeira beleza reside na sa\u00fade, na for\u00e7a e na confian\u00e7a que cultivamos de dentro para fora. Seu trabalho continua a inspirar e a moldar uma nova gera\u00e7\u00e3o de pessoas que buscam n\u00e3o apenas um corpo bonito, mas uma vida plena e equilibrada, reafirmando que, com a orienta\u00e7\u00e3o certa, cada um pode ser o protagonista de sua pr\u00f3pria hist\u00f3ria de transforma\u00e7\u00e3o.<\/p>\n","protected":false},"excerpt":{"rendered":"<p>No efervescente universo das celebridades e personalidades que ditam tend\u00eancias e inspiram milh\u00f5es, uma figura tem se destacado de maneira singular, conquistando um apelido que, \u00e0 primeira vista, pode soar inusitado, mas que reflete a ess\u00eancia de seu trabalho transformador. Conhecida carinhosamente como a &#8216;Fada das Bundas&#8217;, esta personal trainer tem impressionado o p\u00fablico e&#8230;<\/p>\n","protected":false},"author":4,"featured_media":0,"comment_status":"open","ping_status":"open","sticky":false,"template":"","format":"standard","meta":{"om_disable_all_campaigns":false,"footnotes":""},"categories":[103],"tags":[202,206,205,204,203],"class_list":["post-6738","post","type-post","status-publish","format-standard","hentry","category-famosos","tag-fada-das-bundas","tag-fitness","tag-personal-trainer","tag-saude-e-bem-estar","tag-transformacao-corporal"],"_links":{"self":[{"href":"https:\/\/maisfm88.com.br\/site\/wp-json\/wp\/v2\/posts\/6738","targetHints":{"allow":["GET"]}}],"collection":[{"href":"https:\/\/maisfm88.com.br\/site\/wp-json\/wp\/v2\/posts"}],"about":[{"href":"https:\/\/maisfm88.com.br\/site\/wp-json\/wp\/v2\/types\/post"}],"author":[{"embeddable":true,"href":"https:\/\/maisfm88.com.br\/site\/wp-json\/wp\/v2\/users\/4"}],"replies":[{"embeddable":true,"href":"https:\/\/maisfm88.com.br\/site\/wp-json\/wp\/v2\/comments?post=6738"}],"version-history":[{"count":1,"href":"https:\/\/maisfm88.com.br\/site\/wp-json\/wp\/v2\/posts\/6738\/revisions"}],"predecessor-version":[{"id":6739,"href":"https:\/\/maisfm88.com.br\/site\/wp-json\/wp\/v2\/posts\/6738\/revisions\/6739"}],"wp:attachment":[{"href":"https:\/\/maisfm88.com.br\/site\/wp-json\/wp\/v2\/media?parent=6738"}],"wp:term":[{"taxonomy":"category","embeddable":true,"href":"https:\/\/maisfm88.com.br\/site\/wp-json\/wp\/v2\/categories?post=6738"},{"taxonomy":"post_tag","embeddable":true,"href":"https:\/\/maisfm88.com.br\/site\/wp-json\/wp\/v2\/tags?post=6738"}],"curies":[{"name":"wp","href":"https:\/\/api.w.org\/{rel}","templated":true}]}}